{"id":1117,"date":"2012-07-15T12:16:54","date_gmt":"2012-07-15T10:16:54","guid":{"rendered":"http:\/\/www.energiewendeheilbronn.de\/blog\/?p=1117"},"modified":"2012-07-15T12:16:54","modified_gmt":"2012-07-15T10:16:54","slug":"bbmn-presseerklarung-atomkraftgegner-zur-informationskommission-neckarwestheim","status":"publish","type":"post","link":"http:\/\/energiewendeheilbronn.de\/blog\/2012\/07\/15\/bbmn-presseerklarung-atomkraftgegner-zur-informationskommission-neckarwestheim\/","title":{"rendered":"BBMN-Presseerkl\u00e4rung: Atomkraftgegner zur Informationskommission Neckarwestheim"},"content":{"rendered":"<p>Am Dienstag, 17. Juli 2012 findet in der Reblandhalle Neckarwestheim die konstituierende Sitzung der &#8222;Informationskommission zum Kernkraftwerk Neckarwestheim&#8220; statt. Durch die Einrichtung dieses Gremiums verfolgt die Landesregierung das Ziel, \u00fcber Sicherheitsfragen der Atomanlagen in Neckarwestheim (GKN I und GKN II) zu informieren und zu einem Informationsaustausch zwischen Kommissionsmitgliedern, sowie Beh\u00f6rden und Betreibern beizutragen.<\/p>\n<p>Vergleiche <a href=\"http:\/\/www.um.baden-wuerttemberg.de\/servlet\/is\/93262\/\">http:\/\/www.um.baden-wuerttemberg.de\/servlet\/is\/93262\/<\/a><\/p>\n<p>Der Bund der B\u00fcrgerinitiativen Mittlerer Neckar (BBMN) begr\u00fc\u00dft die Einrichtung dieses Gremiums. Alles, was dazu dient, dass \u00fcber die Sicherheit und die Defizite der Atomkraftwerke gesprochen wird, ist gut und sinnvoll.<\/p>\n<p>Die Sitzung bietet f\u00fcr uns die M\u00f6glichkeit, atomare Sicherheit zu thematisieren und die sofortige Abschaltung von GKN II zu fordern. Wir werden deshalb an der Infokommission teilnehmen und rufen auch dazu auf, als Zuh\u00f6rer in die Halle zu kommen.<\/p>\n<p>Allerdings ist f\u00fcr uns klar: Es gibt keine \u201esichere\u201c Atomkraft. Es muss wieder deutlich werden: Atomkraft gef\u00e4hrdet schon im Normalbetrieb unsere Gesundheit und ein Super-GAU kann riesige Regionen unbewohnbar machen. Nur wenn die Infokommission dem Ziel eines sofortigen Atomausstiegs dient, macht die Teilnahme f\u00fcr uns Sinn.<!--more--><\/p>\n<p>Die baden-w\u00fcrttembergische Landesregierung hat, nach der Atomkatastrophe von Fukushima im gr\u00fcn-roten Koalitionsvertrag unter der \u00dcberschrift \u201eAtomkraft nein danke\u201c f\u00fcr sicherheitstechnische Konsequenzen aus den Ereignissen von Fukushima geworben. Diese fordern wir ein.<\/p>\n<p>Wir fordern eine transparente Diskussion \u00fcber die bekannten M\u00e4ngellisten des Reaktors 2 in Neckarwestheim. Auch in der nach Fukushima durchgef\u00fchrten \u201eanlagenspezifischen Sicherheits\u00fcberpr\u00fcfung (RSK-S\u00dc)\u201c der Reaktorsicherheitskommission sind Defizite bei GKN II deutlich geworden. Wir geben uns mit der \u201eBekanntgabe\u201c von pauschalen Ergebnissen von beh\u00f6rdeninternen Pr\u00fcfungen nicht mehr zufrieden.<\/p>\n<p>Wenn offensichtliche M\u00e4ngel vorliegen, dann muss die Aufsichtsbeh\u00f6rde sofort reagieren und den Reaktor abschalten.<\/p>\n<p>Wir sind misstrauisch: Denn dieses Vorgehen kennen wir nur zu gut von der alten schwarz-gelben Atomaufsicht, die ihrer Aufsichtspflicht eben nicht ernsthaft nachgekommen ist. Gerade weil jetzt das Land Baden-W\u00fcrttemberg zugleich Miteigent\u00fcmer und Kontrolleur der hiesigen Atomkraftwerke ist, muss besondere Transparenz geboten sein.<\/p>\n<p>Wir kennen den neuen Umweltminister in seiner atomkritischen Haltung. Insofern erwarten wir gerade von Franz Untersteller, sich f\u00fcr eine konstruktive und sachliche Diskussion mit den B\u00fcrgerinitiativen einzusetzen.<\/p>\n<p>Fukushima hat, wie Tschernobyl, die M\u00e4r von der sicheren Atomenergie zerst\u00f6rt. Atomkraft ist sicher t\u00f6dlich ! Die Risiko-Szenarien gehen dabei von einer besonderen Gef\u00e4hrdung der Bev\u00f6lkerung S\u00fcddeutschland aus.<\/p>\n<p>Der BBMN wird sich auf der Sitzung daf\u00fcr einsetzen, dass bei den n\u00e4chsten Treffen ein Wissenschaftler eingeladen wird, der \u00fcber die Ergebnisse der Kinderkrebsstudie berichtet. Diese Studie hatte ergeben, dass im 5-km-Umkreis um deutsche Atomkraftwerke die Leuk\u00e4mieraten bei Kleinkindern signifikant erh\u00f6ht sind.<\/p>\n<p>BBMN-Aktivisten werden vor der Halle ab 16.15 Uhr mit auff\u00e4lligen Schildern unsere Forderungen deutlich machen. F\u00fcr R\u00fcckfragen stehe ich Ihnen gerne zur Verf\u00fcgung.<\/p>\n<p>Der Bund der B\u00fcrgerinitiativen Mittlerer Neckar e.V. (BBMN) ist ein Zusammenschluss von Antiatominitiativen rund um Neckarwestheim.<\/p>\n<p>Mit freundlichen Gr\u00fc\u00dfen<br \/>\nWolfram Scheffbuch<br \/>\nBBMN e.V.<br \/>\nErster Vorsitzender<\/p>\n","protected":false},"excerpt":{"rendered":"<p>Am Dienstag, 17. Juli 2012 findet in der Reblandhalle Neckarwestheim die konstituierende Sitzung der &#8222;Informationskommission zum Kernkraftwerk Neckarwestheim&#8220; statt. Durch die Einrichtung dieses Gremiums verfolgt die Landesregierung das Ziel, \u00fcber Sicherheitsfragen der Atomanlagen in Neckarwestheim (GKN I und GKN II) zu informieren und zu einem Informationsaustausch zwischen Kommissionsmitgliedern, sowie Beh\u00f6rden und Betreibern beizutragen. Vergleiche http:\/\/www.um.baden-wuerttemberg.de\/servlet\/is\/93262\/ [&hellip;]<\/p>\n","protected":false},"author":2,"featured_media":0,"comment_status":"open","ping_status":"open","sticky":false,"template":"","format":"standard","meta":[],"categories":[31,3,8,34,13],"tags":[],"_links":{"self":[{"href":"http:\/\/energiewendeheilbronn.de\/blog\/wp-json\/wp\/v2\/posts\/1117"}],"collection":[{"href":"http:\/\/energiewendeheilbronn.de\/blog\/wp-json\/wp\/v2\/posts"}],"about":[{"href":"http:\/\/energiewendeheilbronn.de\/blog\/wp-json\/wp\/v2\/types\/post"}],"author":[{"embeddable":true,"href":"http:\/\/energiewendeheilbronn.de\/blog\/wp-json\/wp\/v2\/users\/2"}],"replies":[{"embeddable":true,"href":"http:\/\/energiewendeheilbronn.de\/blog\/wp-json\/wp\/v2\/comments?post=1117"}],"version-history":[{"count":2,"href":"http:\/\/energiewendeheilbronn.de\/blog\/wp-json\/wp\/v2\/posts\/1117\/revisions"}],"predecessor-version":[{"id":1119,"href":"http:\/\/energiewendeheilbronn.de\/blog\/wp-json\/wp\/v2\/posts\/1117\/revisions\/1119"}],"wp:attachment":[{"href":"http:\/\/energiewendeheilbronn.de\/blog\/wp-json\/wp\/v2\/media?parent=1117"}],"wp:term":[{"taxonomy":"category","embeddable":true,"href":"http:\/\/energiewendeheilbronn.de\/blog\/wp-json\/wp\/v2\/categories?post=1117"},{"taxonomy":"post_tag","embeddable":true,"href":"http:\/\/energiewendeheilbronn.de\/blog\/wp-json\/wp\/v2\/tags?post=1117"}],"curies":[{"name":"wp","href":"https:\/\/api.w.org\/{rel}","templated":true}]}}