{"id":1207,"date":"2013-01-28T17:54:06","date_gmt":"2013-01-28T16:54:06","guid":{"rendered":"http:\/\/www.energiewendeheilbronn.de\/blog\/?p=1207"},"modified":"2013-01-28T17:59:06","modified_gmt":"2013-01-28T16:59:06","slug":"das-anti-atom-jahr-2013","status":"publish","type":"post","link":"http:\/\/energiewendeheilbronn.de\/blog\/2013\/01\/28\/das-anti-atom-jahr-2013\/","title":{"rendered":"Das Anti-Atom-Jahr 2013"},"content":{"rendered":"<p>In Deutschland laufen noch neun Atomkraftwerke, die jeden Tag \u00e4lter und st\u00f6ranf\u00e4lliger werden. Sechs davon \u2013 so der Plan \u2013 werden erst zum Jahr 2022 abgeschaltet, drei am Anfang, drei am Ende \u2013 so auch Neckarwestheim 2 erst am 31.12.2022.<\/p>\n<p>Dieses Jahr im Herbst sind Bundestagswahlen und die kommende Regierung muss dar\u00fcber entscheiden, wie es atompolitisch weitergeht. Nach derzeitigem Stand w\u00fcrde in der n\u00e4chsten Legislaturperiode nur ein einziger Reaktor stillgelegt, n\u00e4mlich Ende 2015 das bayerische AKW Grafenrheinfeld.<\/p>\n<p><em>Und das nennt sich dann Atomausstieg.<!--more--><\/em><\/p>\n<p>Gleichzeitig gehen energiepolitische Debatte und Realit\u00e4t immer weiter auseinander: Einerseits erwecken zahlreiche Medien, vielen PolitikerInnen und Industrieverb\u00e4nde den Eindruck, die Energiewende w\u00fcrde nicht funktionieren und denken bereits \u00f6ffentlich \u00fcber neue Laufzeitverl\u00e4ngerungen f\u00fcr die AKW nach. Andererseits stellt Deutschland neue Rekorde in Sachen Stromexport auf, w\u00e4hrend Eon und RWE massive Kraftwerks-\u00dcberkapazit\u00e4ten beklagen und reihenweise Gaskraftwerke stilllegen wollen, die aber als Ausgleich f\u00fcr Wind und Sonne f\u00fcr die Energiewende dringend gebraucht werden. Wieso kommt eigentlich niemand auf die Idee, stattdessen einfach Atomkraftwerke stillzulegen?<\/p>\n<p>Nun, nat\u00fcrlich kommt jemand auf die Idee \u2013 und zwar die Anti-Atom-Bewegung. Und in diesem Wahljahr 2013 ist eine Menge geplant, um der n\u00e4chsten Bundesregierung \u2013 wie immer sie auch aussehen wird, so unter Druck zu setzen, dass sie die neun Reaktoren deutlich schneller vom Netz nimmt, als bisher geplant. Denn eines ist sicher: wenn nach der Wahl die Wahlsieger in Koalitionsverhandlungen zusammensitzen, dann werden auch die AKW-Laufzeiten Thema sein. Dann wird eine neue Entscheidung fallen, ob es bei den langen Laufzeiten bis 2022 bleibt, ob sogar \u00fcber Laufzeitverl\u00e4ngerungen nachgedacht wird \u2013 oder ob die unn\u00f6tigen und gef\u00e4hrlichen Kraftwerke schneller abgeschaltet werden.<\/p>\n<p><em>9. M\u00e4rz: Der Tag, an dem sich etwas \u00e4ndern l\u00e4sst<\/em><\/p>\n<p>Wir wollen diese Entscheidung aktiv beeinflussen und wir wissen aus Erfahrung, dass dies umso besser gelingt, je mehr Menschen das ebenfalls tun. Deswegen ist 2013 f\u00fcr die Anti-Atom-Bewegung ein entscheidendes Jahr. Deswegen rufen wir zusammen mit .ausgestrahlt, vielen \u00f6rtlichen Initiativen und gro\u00dfen Umweltverb\u00e4nden sowohl zum <a href=\"http:\/\/www.energiewendeheilbronn.de\/phpwcms\/index.php?2-fukushima-jahrestag-demo-neckarwestheim\">Jahrestag der Fukushima-Katastrophe im M\u00e4rz<\/a> zu gro\u00dfen Protesten auf, als auch zum <a href=\"http:\/\/www.energiewendeheilbronn.de\/phpwcms\/index.php?tschernobyl-jahrestag-mahnwache-1\">Jahrestag von Tschernobyl im April<\/a>. Deswegen wollen wir im Laufe des Jahres die Wahlk\u00e4mpferInnen daran erinnern, was sie 2011 nach Fukushima zugesagt haben und was wir jetzt von ihnen erwarten.<\/p>\n<p>Die f\u00fcr den 9. M\u00e4rz geplanten gro\u00dfen Proteste zum Fukushima-Jahrestag sind ein entscheidendes Datum: Wir wollen an diesem Tag ein Zeichen zu setzen, dass wir uns nicht zufrieden geben, so lange noch Atomkraftwerke in Betrieb sind.<\/p>\n<p><em>Dieser Text &#8211; leicht ge\u00e4ndert &#8211; basiert auf einem Rundbrief von .ausgestrahlt<\/em><\/p>\n","protected":false},"excerpt":{"rendered":"<p>In Deutschland laufen noch neun Atomkraftwerke, die jeden Tag \u00e4lter und st\u00f6ranf\u00e4lliger werden. Sechs davon \u2013 so der Plan \u2013 werden erst zum Jahr 2022 abgeschaltet, drei am Anfang, drei am Ende \u2013 so auch Neckarwestheim 2 erst am 31.12.2022. Dieses Jahr im Herbst sind Bundestagswahlen und die kommende Regierung muss dar\u00fcber entscheiden, wie es [&hellip;]<\/p>\n","protected":false},"author":2,"featured_media":0,"comment_status":"open","ping_status":"open","sticky":false,"template":"","format":"standard","meta":[],"categories":[3,5,16,8,7],"tags":[],"_links":{"self":[{"href":"http:\/\/energiewendeheilbronn.de\/blog\/wp-json\/wp\/v2\/posts\/1207"}],"collection":[{"href":"http:\/\/energiewendeheilbronn.de\/blog\/wp-json\/wp\/v2\/posts"}],"about":[{"href":"http:\/\/energiewendeheilbronn.de\/blog\/wp-json\/wp\/v2\/types\/post"}],"author":[{"embeddable":true,"href":"http:\/\/energiewendeheilbronn.de\/blog\/wp-json\/wp\/v2\/users\/2"}],"replies":[{"embeddable":true,"href":"http:\/\/energiewendeheilbronn.de\/blog\/wp-json\/wp\/v2\/comments?post=1207"}],"version-history":[{"count":5,"href":"http:\/\/energiewendeheilbronn.de\/blog\/wp-json\/wp\/v2\/posts\/1207\/revisions"}],"predecessor-version":[{"id":1209,"href":"http:\/\/energiewendeheilbronn.de\/blog\/wp-json\/wp\/v2\/posts\/1207\/revisions\/1209"}],"wp:attachment":[{"href":"http:\/\/energiewendeheilbronn.de\/blog\/wp-json\/wp\/v2\/media?parent=1207"}],"wp:term":[{"taxonomy":"category","embeddable":true,"href":"http:\/\/energiewendeheilbronn.de\/blog\/wp-json\/wp\/v2\/categories?post=1207"},{"taxonomy":"post_tag","embeddable":true,"href":"http:\/\/energiewendeheilbronn.de\/blog\/wp-json\/wp\/v2\/tags?post=1207"}],"curies":[{"name":"wp","href":"https:\/\/api.w.org\/{rel}","templated":true}]}}