{"id":1281,"date":"2013-03-29T13:01:36","date_gmt":"2013-03-29T12:01:36","guid":{"rendered":"http:\/\/www.energiewendeheilbronn.de\/blog\/?p=1281"},"modified":"2013-03-29T13:06:37","modified_gmt":"2013-03-29T12:06:37","slug":"atommull-aus-la-hague-nach-neckarwestheim","status":"publish","type":"post","link":"http:\/\/energiewendeheilbronn.de\/blog\/2013\/03\/29\/atommull-aus-la-hague-nach-neckarwestheim\/","title":{"rendered":"Atomm\u00fcll aus La Hague nach Neckarwestheim?"},"content":{"rendered":"<p>Die Stuttgarter Zeitung schreibt:<\/p>\n<blockquote><p>Der Chef des Bundesamtes f\u00fcr Strahlenschutz (BfS), Wolfram K\u00f6nig, spricht sich daf\u00fcr aus, die noch ausstehenden Glaskokillen mit Atomm\u00fcll aus den Wiederaufarbeitungsanlagen in La Hague und Sellafield \u201ein grenznahen oder gut zu erreichenden Standorten\u201c unterzubringen. \u201eWenn ein Castorzug erst das eine, dann das andere Ende der Republik ansteuern m\u00fcsste, w\u00e4re das nicht klug\u201c, sagt K\u00f6nig in einem Interview mit der Stuttgarter Zeitung. Damit reagiert er auf den Kompromissvorschlag zur Endlagersuche, den Bundesumweltminister Peter Altmaier (CDU) und die nieders\u00e4chsische Landesregierung am Wochenende ausgehandelt haben, wonach k\u00fcnftig keine Castoren mehr in Gorleben zwischengelagert werden sollen. Folgen der Bund und die L\u00e4nder bei ihren weiteren Gespr\u00e4chen \u00fcber die Endlagersuche K\u00f6nigs Vorschlag, dann w\u00fcrde eine Unterbringung einiger dieser Castoren in einem der beiden baden-w\u00fcrttembergischen Zwischenlager wahrscheinlich. Sowohl in Philippsburg als auch in Neckarwestheim sind die Lagerkapazit\u00e4ten dem Vernehmen nach nicht ausgesch\u00f6pft. In den vergangenen Tagen hat das Stuttgarter Umweltministerium zur Rechtslage erkl\u00e4rt, es m\u00fcssten zun\u00e4chst genauere Informationen \u00fcber die Vereinbarung der Bundesregierung mit dem Land Niedersachsen und deren geplante rechtliche Umsetzung vorliegen, bevor Aussagen zur Zwischenlagerung des noch ausstehenden Atomm\u00fclls getroffen werden k\u00f6nnten. <a href=\"http:\/\/www.stuttgarter-zeitung.de\/inhalt.interview-mit-wolfram-koenig-zwischenlager-taugen-nur-als-zwischenlager.bca074c3-dd8e-4032-81d1-497bf488bdfd.html\" target=\"_blank\">Kompletter Artikel auf stuttgarter-zeitung.de<\/a><\/p><\/blockquote>\n<p>Solange jedes Jahr in Neckarwestheim drei weitere Castoren voller Atomm\u00fcll produziert werden lehnt unser Dachverband &#8211; der Bund der B\u00fcrgerinitiativen mittlerer Neckar (BBMN) &#8211; Atomm\u00fclltransporte ab:<!--more--><\/p>\n<blockquote><p>Die freien Stellpl\u00e4tze im atomaren Zwischenlager Neckarwestheim wecken Begehrlichkeiten. Jetzt geht es nicht mehr nur um den Atomm\u00fcll aus Obrigheim. Vielmehr spekuliert nun die &#8222;Stuttgarter Zeitung&#8220;, dass nach dem Endlagerkompromiss zwischen Bund und Land Niedersachsen der ausstehende Transport (f\u00fcnf Beh\u00e4lter mit mittelradioaktivem Abfall) aus La Hague, der eigentlich f\u00fcr Gorleben gedacht war, auch in Neckarwestheim landen k\u00f6nnte. Wir sollten wachsam sein und klar machen:<\/p>\n<p>Zuerst Atomm\u00fcllproduktion stoppen (Neckarwestheim produziert jedes Jahr drei Castoren voll mit neuem hochstrahlendem Abfall), dann die bestm\u00f6gliche L\u00f6sung f\u00fcr den vorhandenen Abfall finden. Solange der Reaktor in Neckarwestheim l\u00e4uft, lehnen wir jeden Transport ins Zwischenlager ab.<\/p>\n<p>Quelle: BBMN-Rundmail<\/p><\/blockquote>\n<p>Es gibt noch mehr Kritik an dem Vorschlag zur Endlagersuche: .ausgestrahlt hat in einer politischen Analyse einen entscheidenden Fehler im Atomm\u00fcll-Kompromissvorschlag herausgearbeitet:<\/p>\n<blockquote><p>Eine Enquetekommission zur Endlagersuche macht nur Sinn, wenn der Bundestag die Antworten, die sie liefern soll, nicht heute schon in einem \u201eEndlagersuchgesetz\u201c festlegt. An dieser Frage steht und f\u00e4llt die Sinnhaftigkeit des Vorschlags von Altmaier, Weil und Wenzel. W\u00fcrde das Gesetz erst auf Basis der Kommissions-Ergebnisse geschrieben, dann w\u00e4re der jetzt gew\u00e4hlte Ansatz das Erfolgversprechendste, was in Sachen Atomm\u00fcll jemals auf den Weg gebracht wurde. Wird das Gesetz allerdings schon jetzt verabschiedet, also bevor die Kommission ihre Arbeit \u00fcberhaupt nur aufgenommen hat, dann sieht alles nach dem n\u00e4chsten Gorleben-Trick in einer 36 Jahre langen Geschichte von Lug und Trug aus.<\/p>\n<p>Quelle: <a href=\"http:\/\/www.blogs.ausgestrahlt.de\/atommuell\/ausgestrahlt-analyse-des-vorschlags-zum-standortsuchgesetz-von-peter-altmaier-stephan-weil-und-stefan-wenzel-vom-24-marz-2013\/\" target=\"_blank\">blogs.ausgestrahlt.de<\/a><\/p><\/blockquote>\n<p>&nbsp;<\/p>\n","protected":false},"excerpt":{"rendered":"<p>Die Stuttgarter Zeitung schreibt: Der Chef des Bundesamtes f\u00fcr Strahlenschutz (BfS), Wolfram K\u00f6nig, spricht sich daf\u00fcr aus, die noch ausstehenden Glaskokillen mit Atomm\u00fcll aus den Wiederaufarbeitungsanlagen in La Hague und Sellafield \u201ein grenznahen oder gut zu erreichenden Standorten\u201c unterzubringen. \u201eWenn ein Castorzug erst das eine, dann das andere Ende der Republik ansteuern m\u00fcsste, w\u00e4re das [&hellip;]<\/p>\n","protected":false},"author":2,"featured_media":0,"comment_status":"open","ping_status":"open","sticky":false,"template":"","format":"standard","meta":[],"categories":[3,20,8,7],"tags":[],"_links":{"self":[{"href":"http:\/\/energiewendeheilbronn.de\/blog\/wp-json\/wp\/v2\/posts\/1281"}],"collection":[{"href":"http:\/\/energiewendeheilbronn.de\/blog\/wp-json\/wp\/v2\/posts"}],"about":[{"href":"http:\/\/energiewendeheilbronn.de\/blog\/wp-json\/wp\/v2\/types\/post"}],"author":[{"embeddable":true,"href":"http:\/\/energiewendeheilbronn.de\/blog\/wp-json\/wp\/v2\/users\/2"}],"replies":[{"embeddable":true,"href":"http:\/\/energiewendeheilbronn.de\/blog\/wp-json\/wp\/v2\/comments?post=1281"}],"version-history":[{"count":3,"href":"http:\/\/energiewendeheilbronn.de\/blog\/wp-json\/wp\/v2\/posts\/1281\/revisions"}],"predecessor-version":[{"id":1283,"href":"http:\/\/energiewendeheilbronn.de\/blog\/wp-json\/wp\/v2\/posts\/1281\/revisions\/1283"}],"wp:attachment":[{"href":"http:\/\/energiewendeheilbronn.de\/blog\/wp-json\/wp\/v2\/media?parent=1281"}],"wp:term":[{"taxonomy":"category","embeddable":true,"href":"http:\/\/energiewendeheilbronn.de\/blog\/wp-json\/wp\/v2\/categories?post=1281"},{"taxonomy":"post_tag","embeddable":true,"href":"http:\/\/energiewendeheilbronn.de\/blog\/wp-json\/wp\/v2\/tags?post=1281"}],"curies":[{"name":"wp","href":"https:\/\/api.w.org\/{rel}","templated":true}]}}