{"id":1335,"date":"2013-04-15T21:40:24","date_gmt":"2013-04-15T19:40:24","guid":{"rendered":"http:\/\/www.energiewendeheilbronn.de\/blog\/?p=1335"},"modified":"2013-04-16T15:34:46","modified_gmt":"2013-04-16T13:34:46","slug":"neckarwestheim-erst-abschalten-dann-transportieren","status":"publish","type":"post","link":"http:\/\/energiewendeheilbronn.de\/blog\/2013\/04\/15\/neckarwestheim-erst-abschalten-dann-transportieren\/","title":{"rendered":"Neckarwestheim: Erst abschalten, dann transportieren!"},"content":{"rendered":"<blockquote><p><a href=\"\/blog\/wp-content\/uploads\/2013\/04\/Kinder-haften-f\u00fcr-Ihre-Eltern_quadratisch.png\"><img loading=\"lazy\" class=\"alignright size-medium wp-image-1340\" alt=\"Kinder haften f\u00fcr ihre Eltern\" src=\"\/blog\/wp-content\/uploads\/2013\/04\/Kinder-haften-f\u00fcr-Ihre-Eltern_quadratisch-250x250.png\" width=\"250\" height=\"250\" srcset=\"http:\/\/energiewendeheilbronn.de\/blog\/wp-content\/uploads\/2013\/04\/Kinder-haften-f\u00fcr-Ihre-Eltern_quadratisch-250x250.png 250w, http:\/\/energiewendeheilbronn.de\/blog\/wp-content\/uploads\/2013\/04\/Kinder-haften-f\u00fcr-Ihre-Eltern_quadratisch-150x150.png 150w, http:\/\/energiewendeheilbronn.de\/blog\/wp-content\/uploads\/2013\/04\/Kinder-haften-f\u00fcr-Ihre-Eltern_quadratisch.png 403w\" sizes=\"(max-width: 250px) 100vw, 250px\" \/><\/a>Im Vorfeld der am Donnerstag, 18. April 2013 stattfindenden Informationskommission Neckarwestheim (<a href=\"http:\/\/www.infokommission-gkn.de\" target=\"_blank\">www.infokommission-gkn.de<\/a>), wo das Thema &#8222;Obrigheimer Atomm\u00fcll nach Neckarwestheim&#8220; auf der Tagesordnung steht und angesichts des Bund-L\u00e4nder-Endlagerkompromisses, der einen eventuellen Atomtransport von La Hague nach Neckarwestheim zur Folge haben k\u00f6nnte, erkl\u00e4rt der Bund der B\u00fcrgerinitiativen Mittlerer Neckar e.V. (BBMN):<\/p>\n<p>Solange der Block II in Neckarwestheim noch l\u00e4uft und dort jedes Jahr circa drei CASTOR-Beh\u00e4lter voll mit hochgef\u00e4hrlichem Atomm\u00fcll produziert werden, lehnen wir Atomkraftgegner jede Art von Transporten in das unterirdische Zwischenlager in Neckarwestheim ab. Hiermit wird suggeriert, die Atomm\u00fcllproblematik sei bew\u00e4ltigbar, tats\u00e4chlich wird das Problem nur verschoben.<\/p>\n<p><em>Die Politik handelt mit der Endlagersuche an einem Punkt, wo kein Zeitdruck besteht.<\/em> Beim Jahrtausendproblem Atomm\u00fcllentsorgung kommt es auf wenige Jahre nicht an.<\/p>\n<p><em>Bei der Frage des Weiterbetriebs kommt es aber auf den Faktor Zeit an.<\/em> <!--more--><br \/>\nBei jedem Brennelementwechsel entsteht neuer Atomm\u00fcll, der aufbewahrt werden muss. Deshalb muss die sofortige Abschaltung absolute Priorit\u00e4t haben. Hier kann noch Atomm\u00fcll verhindert werden. 10 Jahre Weiterbetrieb von Neckarwestheim II hei\u00dft 30 CASTOR-Beh\u00e4lter voll mit strahlendem Abfall. Im Dezember 2006 wurde der erste Beh\u00e4lter ins Zwischenlager Neckarwestheim gebracht. Nun (Stand April 2013) stehen dort schon 41 CASTORen!<\/p>\n<p>Die Verlagerung der abgebrannten Brennelemente von Obrigheim nach Neckarwestheim erm\u00f6glicht schneller, dass am Standort Obrigheim wieder von der EnBW die &#8222;gr\u00fcne Wiese&#8220; am ehemaligen Kraftwerksstandort pr\u00e4sentiert werden kann und gezeigt wird: Kernkraftwerke kann man r\u00fcckstandsfrei abrei\u00dfen. Diese Verharmlosung der Atomkraft wollen wir nicht zulassen. Schlie\u00dflich wird der M\u00fcll nur verschoben: Ins Zwischenlager Neckarwestheim und der restliche Abfall in den &#8222;Schacht Konrad&#8220;.<\/p>\n<p><strong>Erst abschalten, dann transportieren!<\/strong><\/p>\n<p>Der BBMN ist mit zwei Vertretern in der Infokommission vertreten, die dem Informationsaustausch zwischen Betreibern, Aufsichtsbeh\u00f6rde und Vertretern der Region dienen soll. N\u00e4heres zur Kommission und die Tagesordnung unter <a href=\"http:\/\/www.infokommission-gkn.de\" target=\"_blank\">www.infokommission-gkn.de<\/a><\/p><\/blockquote>\n<p>Quelle: Pressemitteilung des BBMN<\/p>\n","protected":false},"excerpt":{"rendered":"<p>Im Vorfeld der am Donnerstag, 18. April 2013 stattfindenden Informationskommission Neckarwestheim (www.infokommission-gkn.de), wo das Thema &#8222;Obrigheimer Atomm\u00fcll nach Neckarwestheim&#8220; auf der Tagesordnung steht und angesichts des Bund-L\u00e4nder-Endlagerkompromisses, der einen eventuellen Atomtransport von La Hague nach Neckarwestheim zur Folge haben k\u00f6nnte, erkl\u00e4rt der Bund der B\u00fcrgerinitiativen Mittlerer Neckar e.V. (BBMN): Solange der Block II in Neckarwestheim [&hellip;]<\/p>\n","protected":false},"author":2,"featured_media":0,"comment_status":"open","ping_status":"open","sticky":false,"template":"","format":"standard","meta":[],"categories":[31,3,20,8,34,29,7],"tags":[],"_links":{"self":[{"href":"http:\/\/energiewendeheilbronn.de\/blog\/wp-json\/wp\/v2\/posts\/1335"}],"collection":[{"href":"http:\/\/energiewendeheilbronn.de\/blog\/wp-json\/wp\/v2\/posts"}],"about":[{"href":"http:\/\/energiewendeheilbronn.de\/blog\/wp-json\/wp\/v2\/types\/post"}],"author":[{"embeddable":true,"href":"http:\/\/energiewendeheilbronn.de\/blog\/wp-json\/wp\/v2\/users\/2"}],"replies":[{"embeddable":true,"href":"http:\/\/energiewendeheilbronn.de\/blog\/wp-json\/wp\/v2\/comments?post=1335"}],"version-history":[{"count":6,"href":"http:\/\/energiewendeheilbronn.de\/blog\/wp-json\/wp\/v2\/posts\/1335\/revisions"}],"predecessor-version":[{"id":1339,"href":"http:\/\/energiewendeheilbronn.de\/blog\/wp-json\/wp\/v2\/posts\/1335\/revisions\/1339"}],"wp:attachment":[{"href":"http:\/\/energiewendeheilbronn.de\/blog\/wp-json\/wp\/v2\/media?parent=1335"}],"wp:term":[{"taxonomy":"category","embeddable":true,"href":"http:\/\/energiewendeheilbronn.de\/blog\/wp-json\/wp\/v2\/categories?post=1335"},{"taxonomy":"post_tag","embeddable":true,"href":"http:\/\/energiewendeheilbronn.de\/blog\/wp-json\/wp\/v2\/tags?post=1335"}],"curies":[{"name":"wp","href":"https:\/\/api.w.org\/{rel}","templated":true}]}}