{"id":1418,"date":"2013-05-16T21:42:09","date_gmt":"2013-05-16T19:42:09","guid":{"rendered":"http:\/\/www.energiewendeheilbronn.de\/blog\/?p=1418"},"modified":"2013-11-06T22:37:09","modified_gmt":"2013-11-06T21:37:09","slug":"philippsburg-2-verformtes-brennelement-sowie-ein-gebrochener-brennelement-zentrierstift","status":"publish","type":"post","link":"http:\/\/energiewendeheilbronn.de\/blog\/2013\/05\/16\/philippsburg-2-verformtes-brennelement-sowie-ein-gebrochener-brennelement-zentrierstift\/","title":{"rendered":"Philippsburg 2: Verformtes Brennelement sowie ein gebrochener Brennelement-Zentrierstift"},"content":{"rendered":"<blockquote><p>Bei der Revision erfolgt vor Entladen der Brennelemente aus dem Reaktorkern eine Sichtpr\u00fcfung der Kernoberfl\u00e4che mittels einer Unterwasserkamera. Bei der diesj\u00e4hrigen Sichtpr\u00fcfung im KKP 2 wurde bemerkt, dass der Brennelementkopf eines Brennelementes verformt ist. An der betreffenden Stelle befindet sich eine Bohrung f\u00fcr einen Zentrierstift, der zum oberen Kernger\u00fcst geh\u00f6rt. Dieser Zentrierstift ist abgebrochen.<br \/>\nEs ist davon auszugehen, dass der Zentrierstift nicht in die vorgesehene Bohrung, sondern daneben aufsetzte, dabei der Brennelementkopf verformt wurde und der Zentrierstift abbrach.<br \/>\nDie Brennst\u00e4be wurden teilweise verbogen. Es wurde jedoch keine erh\u00f6hte Aktivit\u00e4t im K\u00fchlwasser gemessen.<!--more--><\/p>\n<p>Einstufung durch den Kraftwerksbetreiber: Meldekategorie N (Normalmeldung); INES 0 (keine oder sehr geringe sicherheitstechnische Bedeutung)<\/p>\n<p>Ma\u00dfnahmen des Kraftwerksbetreibers: Der Betreiber erarbeitet zurzeit ein Konzept, um das Brennelement mit dem besch\u00e4digten Kopf, an dem es normalerweise angehoben w\u00fcrde, aus dem Kern zu entladen.<br \/>\nAlle Zentrierstifte am oberen Kernger\u00fcst werden mittels Ultraschallpr\u00fcfung untersucht. Diese Ma\u00dfnahme war schon aufgrund des Meldepflichtigen Ereignisses \u201eBruch von zwei Brennelement-Zentrierstiften im Kernkraftwerk Philippsburg (Block 2)\u201c vom 2. Juni 2012 f\u00fcr die diesj\u00e4hrige Revision geplant.<\/p>\n<p>Der Brennelementkopf ist Teil der Struktur des Brennelements und damit f\u00fcr die W\u00e4rmeabfuhr aus dem Reaktorkern und die Abschaltbarkeit des Reaktors mit zust\u00e4ndig. Da sich das betroffene Brennelement nicht auf einer Position mit Steuerstab befindet, war die Abschaltbarkeit nicht betroffen. Auch die W\u00e4rmeabfuhr aus dem Kern war durch die Verformung nicht beeintr\u00e4chtigt. Insofern ist die sicherheitstechnische Bedeutung des Ereignisses gering. Es ergaben sich keine Auswirkungen auf Personen und die Umwelt.<\/p>\n<p>Quelle: <a href=\"http:\/\/www.um.baden-wuerttemberg.de\/servlet\/is\/106275\/\" target=\"_blank\">Ministerium f\u00fcr Umwelt, Klima und Energiewirtschaft Baden-W\u00fcrttemberg<\/a><\/p><\/blockquote>\n","protected":false},"excerpt":{"rendered":"<p>Bei der Revision erfolgt vor Entladen der Brennelemente aus dem Reaktorkern eine Sichtpr\u00fcfung der Kernoberfl\u00e4che mittels einer Unterwasserkamera. Bei der diesj\u00e4hrigen Sichtpr\u00fcfung im KKP 2 wurde bemerkt, dass der Brennelementkopf eines Brennelementes verformt ist. An der betreffenden Stelle befindet sich eine Bohrung f\u00fcr einen Zentrierstift, der zum oberen Kernger\u00fcst geh\u00f6rt. Dieser Zentrierstift ist abgebrochen. Es [&hellip;]<\/p>\n","protected":false},"author":2,"featured_media":0,"comment_status":"open","ping_status":"open","sticky":false,"template":"","format":"standard","meta":[],"categories":[22,23],"tags":[],"_links":{"self":[{"href":"http:\/\/energiewendeheilbronn.de\/blog\/wp-json\/wp\/v2\/posts\/1418"}],"collection":[{"href":"http:\/\/energiewendeheilbronn.de\/blog\/wp-json\/wp\/v2\/posts"}],"about":[{"href":"http:\/\/energiewendeheilbronn.de\/blog\/wp-json\/wp\/v2\/types\/post"}],"author":[{"embeddable":true,"href":"http:\/\/energiewendeheilbronn.de\/blog\/wp-json\/wp\/v2\/users\/2"}],"replies":[{"embeddable":true,"href":"http:\/\/energiewendeheilbronn.de\/blog\/wp-json\/wp\/v2\/comments?post=1418"}],"version-history":[{"count":2,"href":"http:\/\/energiewendeheilbronn.de\/blog\/wp-json\/wp\/v2\/posts\/1418\/revisions"}],"predecessor-version":[{"id":1540,"href":"http:\/\/energiewendeheilbronn.de\/blog\/wp-json\/wp\/v2\/posts\/1418\/revisions\/1540"}],"wp:attachment":[{"href":"http:\/\/energiewendeheilbronn.de\/blog\/wp-json\/wp\/v2\/media?parent=1418"}],"wp:term":[{"taxonomy":"category","embeddable":true,"href":"http:\/\/energiewendeheilbronn.de\/blog\/wp-json\/wp\/v2\/categories?post=1418"},{"taxonomy":"post_tag","embeddable":true,"href":"http:\/\/energiewendeheilbronn.de\/blog\/wp-json\/wp\/v2\/tags?post=1418"}],"curies":[{"name":"wp","href":"https:\/\/api.w.org\/{rel}","templated":true}]}}