{"id":1442,"date":"2013-06-12T00:11:15","date_gmt":"2013-06-11T22:11:15","guid":{"rendered":"http:\/\/www.energiewendeheilbronn.de\/blog\/?p=1442"},"modified":"2013-06-12T00:12:19","modified_gmt":"2013-06-11T22:12:19","slug":"eurosolar-aufruf","status":"publish","type":"post","link":"http:\/\/energiewendeheilbronn.de\/blog\/2013\/06\/12\/eurosolar-aufruf\/","title":{"rendered":"EUROSOLAR-Aufruf"},"content":{"rendered":"<p><a href=\"\/blog\/wp-content\/uploads\/2013\/06\/13-06-10_Hermann-Scheer_keine-Last-sondern-gr\u00f6\u00dfte-Chance.png\"><img loading=\"lazy\" class=\"aligncenter size-full wp-image-1443\" alt=\"13-06-10_Hermann-Scheer_keine-Last-sondern-gr\u00f6\u00dfte-Chance\" src=\"\/blog\/wp-content\/uploads\/2013\/06\/13-06-10_Hermann-Scheer_keine-Last-sondern-gr\u00f6\u00dfte-Chance.png\" width=\"403\" height=\"403\" srcset=\"http:\/\/energiewendeheilbronn.de\/blog\/wp-content\/uploads\/2013\/06\/13-06-10_Hermann-Scheer_keine-Last-sondern-gr\u00f6\u00dfte-Chance.png 403w, http:\/\/energiewendeheilbronn.de\/blog\/wp-content\/uploads\/2013\/06\/13-06-10_Hermann-Scheer_keine-Last-sondern-gr\u00f6\u00dfte-Chance-150x150.png 150w, http:\/\/energiewendeheilbronn.de\/blog\/wp-content\/uploads\/2013\/06\/13-06-10_Hermann-Scheer_keine-Last-sondern-gr\u00f6\u00dfte-Chance-250x250.png 250w\" sizes=\"(max-width: 403px) 100vw, 403px\" \/><\/a><\/p>\n<p><em>\u201eDer unverz\u00fcgliche Wechsel zu Erneuerbaren Energien ist keine Last,<\/em><em>sondern die gr\u00f6\u00dfte greifbare soziale und wirtschaftliche Zukunftschance.\u201c<\/em><br \/>\nZitat von Hermann Scheer (1944 \u2013 2010), Ehrenpr\u00e4sident EUROSOLAR e.V.,<br \/>\nTr\u00e4ger des Alternativen Nobelpreises<\/p>\n<p>Unterst\u00fctze jetzt den EUROSOLAR-Aufruf &#8222;Eine kosteng\u00fcnstige Energiewende geht nur mit dem EEG&#8220; mit deiner Unterschrift und einer Spende damit der Text in \u00fcberregionalen Zeitungen erscheinen kann: <a href=\"http:\/\/www.eurosolar.de\/de\/\" target=\"_blank\">http:\/\/www.eurosolar.de\/de\/<\/a><\/p>\n","protected":false},"excerpt":{"rendered":"<p>\u201eDer unverz\u00fcgliche Wechsel zu Erneuerbaren Energien ist keine Last,sondern die gr\u00f6\u00dfte greifbare soziale und wirtschaftliche Zukunftschance.\u201c Zitat von Hermann Scheer (1944 \u2013 2010), Ehrenpr\u00e4sident EUROSOLAR e.V., Tr\u00e4ger des Alternativen Nobelpreises Unterst\u00fctze jetzt den EUROSOLAR-Aufruf &#8222;Eine kosteng\u00fcnstige Energiewende geht nur mit dem EEG&#8220; mit deiner Unterschrift und einer Spende damit der Text in \u00fcberregionalen Zeitungen erscheinen [&hellip;]<\/p>\n","protected":false},"author":2,"featured_media":0,"comment_status":"open","ping_status":"open","sticky":false,"template":"","format":"standard","meta":[],"categories":[5,7],"tags":[],"_links":{"self":[{"href":"http:\/\/energiewendeheilbronn.de\/blog\/wp-json\/wp\/v2\/posts\/1442"}],"collection":[{"href":"http:\/\/energiewendeheilbronn.de\/blog\/wp-json\/wp\/v2\/posts"}],"about":[{"href":"http:\/\/energiewendeheilbronn.de\/blog\/wp-json\/wp\/v2\/types\/post"}],"author":[{"embeddable":true,"href":"http:\/\/energiewendeheilbronn.de\/blog\/wp-json\/wp\/v2\/users\/2"}],"replies":[{"embeddable":true,"href":"http:\/\/energiewendeheilbronn.de\/blog\/wp-json\/wp\/v2\/comments?post=1442"}],"version-history":[{"count":3,"href":"http:\/\/energiewendeheilbronn.de\/blog\/wp-json\/wp\/v2\/posts\/1442\/revisions"}],"predecessor-version":[{"id":1446,"href":"http:\/\/energiewendeheilbronn.de\/blog\/wp-json\/wp\/v2\/posts\/1442\/revisions\/1446"}],"wp:attachment":[{"href":"http:\/\/energiewendeheilbronn.de\/blog\/wp-json\/wp\/v2\/media?parent=1442"}],"wp:term":[{"taxonomy":"category","embeddable":true,"href":"http:\/\/energiewendeheilbronn.de\/blog\/wp-json\/wp\/v2\/categories?post=1442"},{"taxonomy":"post_tag","embeddable":true,"href":"http:\/\/energiewendeheilbronn.de\/blog\/wp-json\/wp\/v2\/tags?post=1442"}],"curies":[{"name":"wp","href":"https:\/\/api.w.org\/{rel}","templated":true}]}}