{"id":15,"date":"2011-03-28T22:54:06","date_gmt":"2011-03-28T20:54:06","guid":{"rendered":"http:\/\/www.energiewendeheilbronn.de\/blog\/?p=15"},"modified":"2011-03-28T23:03:09","modified_gmt":"2011-03-28T21:03:09","slug":"berge-vor-uns-die-sinnflut","status":"publish","type":"post","link":"http:\/\/energiewendeheilbronn.de\/blog\/2011\/03\/28\/berge-vor-uns-die-sinnflut\/","title":{"rendered":"Berge &#8211; Vor uns die Sinnflut"},"content":{"rendered":"<blockquote><p>Die gegenw\u00e4rtigen Ereignisse in Japan sind schockierend und be\u00e4ngstigend. Wir fragen uns, was wir tun sollen und wohin das f\u00fchren soll. Die Bilder der Katastrophe begleiten uns st\u00e4ndig. Auf jedem Fernsehbildschirm, jeder Internetseite und auf jeder Zeitschriftentitelseite prangen sie lautstark . Und das Schlimme daran ? Man gew\u00f6hnt sich daran. <a href=\"http:\/\/www.hoertberge.de\/?p=902\" target=\"_blank\">weiterlesen auf hoertberge.de<\/a><\/p><\/blockquote>\n<p>http:\/\/www.youtube.com\/watch?v=zeyjM44suYc<\/p>\n<p>&nbsp;<\/p>\n","protected":false},"excerpt":{"rendered":"<p>Die gegenw\u00e4rtigen Ereignisse in Japan sind schockierend und be\u00e4ngstigend. Wir fragen uns, was wir tun sollen und wohin das f\u00fchren soll. Die Bilder der Katastrophe begleiten uns st\u00e4ndig. Auf jedem Fernsehbildschirm, jeder Internetseite und auf jeder Zeitschriftentitelseite prangen sie lautstark . Und das Schlimme daran ? Man gew\u00f6hnt sich daran. weiterlesen auf hoertberge.de http:\/\/www.youtube.com\/watch?v=zeyjM44suYc &nbsp;<\/p>\n","protected":false},"author":2,"featured_media":0,"comment_status":"open","ping_status":"open","sticky":false,"template":"","format":"standard","meta":[],"categories":[3,6],"tags":[],"_links":{"self":[{"href":"http:\/\/energiewendeheilbronn.de\/blog\/wp-json\/wp\/v2\/posts\/15"}],"collection":[{"href":"http:\/\/energiewendeheilbronn.de\/blog\/wp-json\/wp\/v2\/posts"}],"about":[{"href":"http:\/\/energiewendeheilbronn.de\/blog\/wp-json\/wp\/v2\/types\/post"}],"author":[{"embeddable":true,"href":"http:\/\/energiewendeheilbronn.de\/blog\/wp-json\/wp\/v2\/users\/2"}],"replies":[{"embeddable":true,"href":"http:\/\/energiewendeheilbronn.de\/blog\/wp-json\/wp\/v2\/comments?post=15"}],"version-history":[{"count":5,"href":"http:\/\/energiewendeheilbronn.de\/blog\/wp-json\/wp\/v2\/posts\/15\/revisions"}],"predecessor-version":[{"id":17,"href":"http:\/\/energiewendeheilbronn.de\/blog\/wp-json\/wp\/v2\/posts\/15\/revisions\/17"}],"wp:attachment":[{"href":"http:\/\/energiewendeheilbronn.de\/blog\/wp-json\/wp\/v2\/media?parent=15"}],"wp:term":[{"taxonomy":"category","embeddable":true,"href":"http:\/\/energiewendeheilbronn.de\/blog\/wp-json\/wp\/v2\/categories?post=15"},{"taxonomy":"post_tag","embeddable":true,"href":"http:\/\/energiewendeheilbronn.de\/blog\/wp-json\/wp\/v2\/tags?post=15"}],"curies":[{"name":"wp","href":"https:\/\/api.w.org\/{rel}","templated":true}]}}