{"id":1592,"date":"2014-03-01T17:37:34","date_gmt":"2014-03-01T16:37:34","guid":{"rendered":"http:\/\/www.energiewendeheilbronn.de\/blog\/?p=1592"},"modified":"2014-03-01T17:39:14","modified_gmt":"2014-03-01T16:39:14","slug":"fluegel-tv-zeigt-was-im-fernsehen-nicht-kommt","status":"publish","type":"post","link":"http:\/\/energiewendeheilbronn.de\/blog\/2014\/03\/01\/fluegel-tv-zeigt-was-im-fernsehen-nicht-kommt\/","title":{"rendered":"Fluegel.TV zeigt, was im Fernsehen nicht kommt"},"content":{"rendered":"<p><a title=\"www.Fluegel.TV\" href=\"http:\/\/www.fluegel.tv\/\" target=\"_blank\"><img loading=\"lazy\" class=\"alignleft size-thumbnail wp-image-1593\" alt=\"Logo Fluegel.TV\" src=\"\/blog\/wp-content\/uploads\/2014\/03\/Fluegellogo2c-150x133.jpg\" width=\"150\" height=\"133\" srcset=\"http:\/\/energiewendeheilbronn.de\/blog\/wp-content\/uploads\/2014\/03\/Fluegellogo2c-150x133.jpg 150w, http:\/\/energiewendeheilbronn.de\/blog\/wp-content\/uploads\/2014\/03\/Fluegellogo2c-250x223.jpg 250w, http:\/\/energiewendeheilbronn.de\/blog\/wp-content\/uploads\/2014\/03\/Fluegellogo2c.jpg 500w\" sizes=\"(max-width: 150px) 100vw, 150px\" \/><\/a>Inzwischen gibt es bei <a title=\"www.Fluegel.TV\" href=\"http:\/\/www.fluegel.tv\/\" target=\"_blank\">Fluegel-TV<\/a> eine fast un\u00fcberschaubare Menge von 1200 Videos. Alles Dokumentationen von Demonstrationen, Veranstaltungen, Vortr\u00e4gen und anderen Ereignissen.<\/p>\n<p><a title=\"Themensammlungen\" href=\"http:\/\/www.fluegel.tv\/themen\/\" target=\"_blank\">Themensammlungen<\/a>, <a title=\"Schlagworte\" href=\"http:\/\/www.fluegel.tv\/tags\/\" target=\"_blank\">Schlagworte<\/a>, <a title=\"RSS-Feed\" href=\"http:\/\/www.fluegel.tv\/feed\/rss\" target=\"_blank\">RSS-Feed<\/a> und die Suchfunktion helfen beim Finden von Beitr\u00e4gen.<\/p>\n<p>Schon seit mehreren Jahren dokumentiert Fluegel-TV auch zu den Themen <a title=\"Atomkraft\" href=\"http:\/\/www.fluegel.tv\/beitrag\/category\/themen\/atomkraft\" target=\"_blank\">Atomkraft<\/a>, <a title=\"Energiewende\" href=\"http:\/\/www.fluegel.tv\/beitrag\/category\/themen\/energie\" target=\"_blank\">Energiewende<\/a> und berichtete schon aus der <a title=\"Infokommission\" href=\"http:\/\/www.fluegel.tv\/beitrag\/tag\/info-kommission\" target=\"_blank\">Infokommission zu AKW Neckarwestheim<\/a>.<\/p>\n<p>Ganz aktuell gibt es in 5 Teilen einen <a title=\"Vortrag zur Karlsruher Mitmachfalle\" href=\"http:\/\/www.fluegel.tv\/beitrag\/tag\/mitmachfalle\" target=\"_blank\">Vortrag von Harry Block<\/a> aus Karlsruhe zur Erweiterung des dortigen &#8222;Instituts f\u00fcr Transurane&#8220; (ITU) und zu den Arbeiten an Reaktoren der 4. Generation am ITU. Dort erfolgte seitens des Umweltministeriums Baden-W\u00fcrttemberg eine als &#8222;Mediation&#8220; getarnte Mitmachfalle.<a href=\"http:\/\/www.fluegel.tv\/beitrag\/tag\/mitmachfalle\"><img loading=\"lazy\" class=\"alignnone size-full wp-image-1597\" alt=\"Vortragsvideos zur Karslruher Mitmachfalle\" src=\"\/blog\/wp-content\/uploads\/2014\/03\/2014-02-20_Mitmachfalle_HBlock_620x348px.png\" width=\"620\" height=\"348\" srcset=\"http:\/\/energiewendeheilbronn.de\/blog\/wp-content\/uploads\/2014\/03\/2014-02-20_Mitmachfalle_HBlock_620x348px.png 620w, http:\/\/energiewendeheilbronn.de\/blog\/wp-content\/uploads\/2014\/03\/2014-02-20_Mitmachfalle_HBlock_620x348px-150x84.png 150w, http:\/\/energiewendeheilbronn.de\/blog\/wp-content\/uploads\/2014\/03\/2014-02-20_Mitmachfalle_HBlock_620x348px-250x140.png 250w\" sizes=\"(max-width: 620px) 100vw, 620px\" \/><\/a><\/p>\n<p>Die f\u00fcnf Teile des Vortrags im Einzelnen:<!--more--><\/p>\n<div>Das Spinnennetz Atom in Karlsruhe<\/div>\n<div><a title=\"Das Spinnennetz Atom in Karlsruhe\" href=\"http:\/\/www.fluegel.tv\/beitrag\/8847\" target=\"_blank\">http:\/\/www.fluegel.tv\/beitrag\/8847 <\/a><\/div>\n<div>Atomreaktoren der vierten Generation<\/div>\n<div><a title=\"Atomreaktoren der vierten Generation, Mitmachfalle \u201eMediation\u201c\" href=\"http:\/\/www.fluegel.tv\/beitrag\/8850\" target=\"_blank\">http:\/\/www.fluegel.tv\/beitrag\/8850<\/a><\/div>\n<div>Vertuschen, Verschweigen, Verschleiern<\/div>\n<div><a title=\"Vertuschen, Verschweigen, Verschleiern\" href=\"http:\/\/www.fluegel.tv\/beitrag\/8852\" target=\"_blank\">http:\/\/www.fluegel.tv\/beitrag\/8852<\/a><\/div>\n<div>Plutonium und Plutonium-Emissionen<\/div>\n<div><a title=\"Plutonium und Plutonium-Emissionen\" href=\"http:\/\/www.fluegel.tv\/beitrag\/8854\" target=\"_blank\">http:\/\/www.fluegel.tv\/beitrag\/8854<\/a><\/div>\n<div>B\u00fcrgerbeteiligung als Alibi, Mitmachfalle \u201eMediation\u201c<\/div>\n<div><a title=\"B\u00fcrgerbeteiligung als Alibi, Mitmachfalle \u201eMediation\u201c\" href=\"http:\/\/www.fluegel.tv\/beitrag\/8856\" target=\"_blank\">http:\/\/www.fluegel.tv\/beitrag\/8856<\/a><\/div>\n<p><a title=\"Vortrag Dr. Behmel in Heilbronn 3.4.14 - Geologische Zeitbombe AKW Neckarwestheim\" href=\"http:\/\/www.energiewendeheilbronn.de\/phpwcms\/?vortrag-akw-neckarwestheim-eine-geologische-zeitbombe\" target=\"_blank\">Am 4.3.2014 veranstaltet das Aktionsb\u00fcndnis Energiewende Heilbronn einen Vortragsabend mit dem Geologen Dr. Hermann Behmel \u00fcber die geologische Zeitbombe AKW Neckarwestheim<\/a>. Diesen Vortrag sollten Sie sich unbedingt live anh\u00f6ren. Falls Ihnen das nicht m\u00f6glich ist, oder auch einfach, um schon etwas in das Thema hineinzuschnuppern, k\u00f6nnen Sie bei Fluegel-TV Dr. Behmels Vortrag vom 4.12.2013 in Ludwigsburg anschauen. Eine thematische Erweiterung beim Heilbronner Vortrag wird der zwischenzeitlich passierte Kirchheimer Erdfall vom Dezenber 2013 sein.<br \/>\n<a href=\"http:\/\/www.fluegel.tv\/beitrag\/tag\/behmelhttp:\/\/\"><img loading=\"lazy\" class=\"alignnone size-full wp-image-1598\" alt=\"Vortrag Dr. Hermann Behmel in Ludwigsburg am 4.12.2013\" src=\"\/blog\/wp-content\/uploads\/2014\/03\/Fluegel-TV_2013-12-04_Geologische-Zeitbombe_Behmel_620x380px.jpg\" width=\"620\" height=\"380\" srcset=\"http:\/\/energiewendeheilbronn.de\/blog\/wp-content\/uploads\/2014\/03\/Fluegel-TV_2013-12-04_Geologische-Zeitbombe_Behmel_620x380px.jpg 620w, http:\/\/energiewendeheilbronn.de\/blog\/wp-content\/uploads\/2014\/03\/Fluegel-TV_2013-12-04_Geologische-Zeitbombe_Behmel_620x380px-150x91.jpg 150w, http:\/\/energiewendeheilbronn.de\/blog\/wp-content\/uploads\/2014\/03\/Fluegel-TV_2013-12-04_Geologische-Zeitbombe_Behmel_620x380px-250x153.jpg 250w\" sizes=\"(max-width: 620px) 100vw, 620px\" \/><\/a><\/p>\n<p>Die f\u00fcnf Teile des Vortrags im Einzelnen:<\/p>\n<p>Standortwahl und Baugrundrisiken<br \/>\n<a title=\"Standortwahl und Baugrundrisiken\" href=\"http:\/\/www.fluegel.tv\/beitrag\/8426\" target=\"_blank\">http:\/\/www.fluegel.tv\/beitrag\/8426<\/a><br \/>\nNat\u00fcrliche Hohlraumbildung unter dem AKW<br \/>\n<a title=\"Nat\u00fcrliche Hohlraumbildung unter dem AKW\" href=\"http:\/\/www.fluegel.tv\/beitrag\/8429\" target=\"_blank\">http:\/\/www.fluegel.tv\/beitrag\/8429<\/a><br \/>\nHohlraumbildung unter dem AKW durch Eingriffe des Menschen<br \/>\n<a title=\"Hohlraumbildung unter dem AKW durch Eingriffe des Menschen\" href=\"http:\/\/www.fluegel.tv\/beitrag\/8431\" target=\"_blank\">http:\/\/www.fluegel.tv\/beitrag\/8431<\/a><br \/>\nWie verschlechtern die Hohlr\u00e4ume die Stand- und Betriebssicherheit des Kernkraftwerkes?<br \/>\n<a title=\"Wie verschlechtern die Hohlr\u00e4ume die Stand- und Betriebssicherheit des Kernkraftwerkes?\" href=\"http:\/\/www.fluegel.tv\/beitrag\/8433\" target=\"_blank\">http:\/\/www.fluegel.tv\/beitrag\/8433<\/a><br \/>\nSind die Grundlagen f\u00fcr die Bau- und Betriebsgenehmigungen entfallen?<br \/>\n<a title=\"Sind die Grundlagen f\u00fcr die Bau- und Betriebsgenehmigungen entfallen?\" href=\"http:\/\/www.fluegel.tv\/beitrag\/8435\" target=\"_blank\">http:\/\/www.fluegel.tv\/beitrag\/8435<\/a><\/p>\n<p>Hier kann man bei den &#8222;<a title=\"Die Anstifter\" href=\"https:\/\/www.die-anstifter.de\" target=\"_blank\">Anstiftern<\/a>&#8220; und dem <a title=\"Peter-Grohmann-Verlag\" href=\"https:\/\/www.die-anstifter.de\/peter-grohmann-verlag\/\" target=\"_blank\">Peter-Grohmann-Verlag<\/a> auch eine <a title=\"Download bei den &quot;Anstiftern&quot;\" href=\"https:\/\/www.die-anstifter.de\/publikationen\/\" target=\"_blank\">Brosch\u00fcre von Dr. Behmel zum Thema downloaden<\/a>.<\/p>\n<p>Hier auch die Links zu zwei engagierten Heilbronner Filmern, die ebenfalls schon eine gro\u00dfe Zahl an Ereignissen und Aktionen in Heilbronn, Stuttgart und Neckarwestheim aufgezeichnet haben:<\/p>\n<p><a title=\"Filme von Volker Teichert\" href=\"http:\/\/www.youtube.com\/user\/volki824\" target=\"_blank\">Volker Teichert<\/a><\/p>\n<p><a title=\"Filme von J\u00fcrgen G.\" href=\"http:\/\/www.youtube.com\/user\/demofotograf\/videos?flow=grid&amp;view=1\" target=\"_blank\">J\u00fcrgen G.<\/a><\/p>\n","protected":false},"excerpt":{"rendered":"<p>Inzwischen gibt es bei Fluegel-TV eine fast un\u00fcberschaubare Menge von 1200 Videos. Alles Dokumentationen von Demonstrationen, Veranstaltungen, Vortr\u00e4gen und anderen Ereignissen. Themensammlungen, Schlagworte, RSS-Feed und die Suchfunktion helfen beim Finden von Beitr\u00e4gen. Schon seit mehreren Jahren dokumentiert Fluegel-TV auch zu den Themen Atomkraft, Energiewende und berichtete schon aus der Infokommission zu AKW Neckarwestheim. Ganz aktuell [&hellip;]<\/p>\n","protected":false},"author":4,"featured_media":0,"comment_status":"open","ping_status":"open","sticky":false,"template":"","format":"standard","meta":[],"categories":[3,8,34,24,13],"tags":[],"_links":{"self":[{"href":"http:\/\/energiewendeheilbronn.de\/blog\/wp-json\/wp\/v2\/posts\/1592"}],"collection":[{"href":"http:\/\/energiewendeheilbronn.de\/blog\/wp-json\/wp\/v2\/posts"}],"about":[{"href":"http:\/\/energiewendeheilbronn.de\/blog\/wp-json\/wp\/v2\/types\/post"}],"author":[{"embeddable":true,"href":"http:\/\/energiewendeheilbronn.de\/blog\/wp-json\/wp\/v2\/users\/4"}],"replies":[{"embeddable":true,"href":"http:\/\/energiewendeheilbronn.de\/blog\/wp-json\/wp\/v2\/comments?post=1592"}],"version-history":[{"count":6,"href":"http:\/\/energiewendeheilbronn.de\/blog\/wp-json\/wp\/v2\/posts\/1592\/revisions"}],"predecessor-version":[{"id":1601,"href":"http:\/\/energiewendeheilbronn.de\/blog\/wp-json\/wp\/v2\/posts\/1592\/revisions\/1601"}],"wp:attachment":[{"href":"http:\/\/energiewendeheilbronn.de\/blog\/wp-json\/wp\/v2\/media?parent=1592"}],"wp:term":[{"taxonomy":"category","embeddable":true,"href":"http:\/\/energiewendeheilbronn.de\/blog\/wp-json\/wp\/v2\/categories?post=1592"},{"taxonomy":"post_tag","embeddable":true,"href":"http:\/\/energiewendeheilbronn.de\/blog\/wp-json\/wp\/v2\/tags?post=1592"}],"curies":[{"name":"wp","href":"https:\/\/api.w.org\/{rel}","templated":true}]}}