{"id":1686,"date":"2014-10-31T13:00:18","date_gmt":"2014-10-31T12:00:18","guid":{"rendered":"http:\/\/www.energiewendeheilbronn.de\/blog\/?p=1686"},"modified":"2014-10-31T15:08:38","modified_gmt":"2014-10-31T14:08:38","slug":"atomstaat-bawu-formalrecht-siegt-uber-verantwortung-und-moral","status":"publish","type":"post","link":"http:\/\/energiewendeheilbronn.de\/blog\/2014\/10\/31\/atomstaat-bawu-formalrecht-siegt-uber-verantwortung-und-moral\/","title":{"rendered":"Atomstaat BaW\u00fc: Formalrecht siegt \u00fcber Verantwortung und Moral"},"content":{"rendered":"<p><img loading=\"lazy\" class=\"alignleft\" title=\"Gruen angemalte AKWs Lager und Transporte sind sicher\" alt=\"Gruen angemalte AKWs Lager und Transporte sind sicher\" src=\"\/blog\/wp-content\/uploads\/2013\/04\/Gruen_angemalte_AKWs_Lager_und_Transporte_sind_sicher_400x306px.gif\" width=\"400\" height=\"306\" \/>Gestern urteilte der Verwaltungsgerichtshof in Mannheim, dass alle Bedenken gegen die Rechtm\u00e4\u00dfigkeit der vom baden-w\u00fcrttembergischen Umweltminister erteilten 2. Abrissgenehmigung f\u00fcr das AKW Obrigheim aus\u00a0formalrechtlicher Sicht unbedeutend sind.<\/p>\n<p>Das ist ein\u00a0schwarzer Tag und bahnt die weitere massive Freisetzung von Radioaktivit\u00e4t durch die Abriss- und &#8222;Freimess&#8220;-Handlungen.<\/p>\n<p><a title=\"VGH Mannheim\" href=\"http:\/\/vghmannheim.de\/pb\/,Lde\/KKW+Obrigheim_+Klagen+gegen+2_+Stilllegungs_+und+Abbaugenehmigung+abgewiesen\/?LISTPAGE=1213200\" target=\"_blank\">Link: Presseerkl\u00e4rung des Gerichts<\/a><\/p>\n<p><a title=\"AtomErbe Obrigheim\" href=\"http:\/\/www.atomerbe-obrigheim.de\/\" target=\"_blank\">Link: Homepage\u00a0der Initiative AtomErbe Obrigheim<\/a><\/p>\n<p><a title=\"AtomErbe Neckarwestheim\" href=\"http:\/\/atomerbe-neckarwestheim.de\" target=\"_blank\">Link: Homepage der AG AtomErbe Neckarwestheim<\/a><\/p>\n<p>Peter Reinhardt von der &#8222;Heilbronner Stimme&#8220; und dem &#8222;Mannheimer Morgen&#8220; schrieb gestern und heute Artikel und Kommentare, die die Problematik und den Prozess v\u00f6llig verzerrt darstellen.<\/p>\n<p>Hier ein klarstellendes Schreiben an ihn:<\/p>\n<p>Sehr geehrter Herr Reinhardt,<\/p>\n<p>seit langem beobachte ich in Ihren Texten einen sehr schiefen Blickwinkel immer dann, wenn es um Differenzen zwischen B\u00fcrgern einerseits und Beh\u00f6rden oder Unternehmen andererseits geht, egal ob das Thema S21, Atomkraft oder anderes ist. Beh\u00f6rden und Unternehmen haben bei Ihnen einen Vertrauensvorschuss, B\u00fcrger werden von Ihnen l\u00e4cherlich gemacht.<\/p>\n<p>Gerade jetzt wieder besonders krass in Ihren beiden Berichten und Kommentaren zum Obrigheim-Abriss-Prozess (Heilbronner Stimme und Mannheimer Morgen).<\/p>\n<p>Beh\u00f6rden und Unternehmen haben durch Geld und Manpower viel mehr M\u00f6glichkeiten, B\u00fcrger machen alles in Ihrer Freizeit und auf eigene Kosten. Das ist schon eine schlechte Ausgangsposition. Dass Sie aber als Journalist auf die Blenderei des Umweltministeriums herein gefallen sind, ist schon sehr schade. Ich vermisse eine ernsthafte Auseinandersetzung mit dem Thema und k\u00f6nnte Ihnen in den Texten viele Fehler nachweisen.<!--more--><\/p>\n<p>Es f\u00e4ngt damit an, dass Sie Herrn Untersteller als Kernkraftgegner bezeichnen, und ebenso den Anwalt des UM. Herr Untersteller ist sicher kein Atomgegner mehr, sondern er hat sich maximal der Tatsache untergeordnet, dass die Landesregierung dank Mappus selbst zum Betreiber der AKWs in Baden-W\u00fcrttemberg geworden ist. Er f\u00e4hrt ganz klar eine Linie, die mindestens zu 90% auch von Frau G\u00f6nner gefahren wurde. Und der Anwalt kann auch kein Atomgegner sein, auch wenn es nat\u00fcrlich f\u00fcr Verfechter einer Sache immer eine Verf\u00fchrung ist, zur Verst\u00e4rkung ihrer Anliegen zu behaupten, eigentlich seien sie ja gegen etwas, aber trotzdem m\u00fcsse man f\u00fcr die Sache sein.<\/p>\n<p>Da vermisse ich v\u00f6llig Ihre journalistische Distanz.<\/p>\n<p>Die Kl\u00e4ger vor dem VGH haben keine Anh\u00f6rung verschlafen, denn es gab keine. Das Umweltministerium hatte damals, in der auf Jahrzehnte hinaus wichtigsten Angelegenheit, zu einem ganz unerwarteten Zeitpunkt lediglich mit einer &#8222;\u00d6ffentlichen Bekanntmachung&#8220; mit kleiner Reichweite auf die Auslegung der Unterlagen hingewiesen. Ansonsten alles m\u00f6glichst ger\u00e4uschlos abgewickelt. &#8222;Fehler&#8220; der Kl\u00e4ger war nur, diese eine einzige Information \u00fcbersehen zu haben.<\/p>\n<p>Da braucht es \u00fcberhaupt nicht Ihre suggestiven Spekulationen \u00fcber erst nach Fukushima entstandene \u00c4ngste (und selbst wenn, wo w\u00e4re dabei das Problem?).<\/p>\n<p>Au\u00dferdem haben Sie auch in keiner Weise verstanden, dass es ein bewusst in das Atomrecht hinein konstruierter oder sogar erst nachtr\u00e4glich hinein interpetierter Webfehler ist, einerseits mehrere rechtlich unabh\u00e4ngige Genehmigungsverfahren zu machen, andererseits UVP und \u00d6ffentlichkeitsbeteiligung angeblich unfassend nur bei der 1. Genehmigung vorzusehen. Das ist ein Rechtsmissbrauch, dem der Richter sich leider angeschlossen hat.<\/p>\n<p>Ich wundere mich sehr, dass Sie voll auf die falsche Behauptung abfahren, ein schnellerer Abriss reduziere die Gefahren, Es gibt sehr viele Gr\u00fcnde anzunehmen, das Gegenteil sei der Fall. Denn es ist ganz klar: die Radioaktivit\u00e4t \u00e4ndert sich nicht durch den Abriss, nur deren Verteilung.<\/p>\n<p>Und da jede Handhabung eine m\u00f6gliche Freisetzung von Radioaktivit\u00e4t beinhaltet, gibt es auch in den offiziellen Richtlinien des Atomrechts den anderen Weg, das AKW erst einige Jahrzehnte zu konservieren, um erst dann an den Abriss zu gehen (offiziell unzutreffend &#8222;sicherer Einschluss&#8220; genannt).<\/p>\n<p>Es gibt also kein Paradox, als Atomgegner gegen die jetzige Form des Abrisses zu klagen, sondern es ist nur konsequent: wer schon immer f\u00fcr die Minimierung der Risiken war, der wird es auch gerade beim gef\u00e4hrlichen Abriss ebenso sein. Wer aber wie Betreiber und Umweltministerium auf der alten und bekannt falschen Ideologie beharrt, was unter Grenzwerten liege, sei nicht gef\u00e4hrlich, der wird es auch beim Abriss an der erforderlichen Vorsicht mangeln lassen, ja er wird sogar jedes Schlupfloch nutzen, Radioaktivit\u00e4t billig loszuwerden. Genau das ist ja auch entscheidender Teil des Abrisses: Radioaktivit\u00e4tsfreigabe in die Luft, in das Wasser und per LKW in alle Welt, &#8222;freigemessen&#8220;, aber dennoch strahlend.<\/p>\n<p>Auch Sie verbreiten den falschen Eindruck, nur der offizielle Atomm\u00fcll sei radioaktiv, der Rest harmlos. Das Gegenteil ist der Fall. Es ist auch auf der Homepage des Umweltministeriums nachzulesen, dass das &#8222;Freimessen&#8220; radioaktives Material <em>juristisch<\/em> zu nicht radioaktivem Material macht. Physik und Biologie wissen davon aber nichts. Es wird bewusst in Kauf genommen, dass die B\u00fcrger durch das &#8222;Freimessen&#8220; im Jahr eine zus\u00e4tzliche Strahlenbelastung bis in den &#8222;Bereich von 10 \u00b5Sv&#8220; bekommen d\u00fcrfen, das k\u00f6nnen laut UM dann auch z.B. 20 \u00b5Sv sein.<\/p>\n<p>Die Internationale Strahlenschutzkommission (bekannt atomfreundlich) sch\u00e4tzte 2007 die gesundheitlichen Folgen einer tats\u00e4chlichen Belastung von 10\u00b5Sv pro Jahr so ein:<\/p>\n<ul>\n<li>j\u00e4hrlich 5,5 bis 55 Krebstote pro 10.000.000 Menschen<\/li>\n<li><span style=\"font-size: small;\">plus nicht t\u00f6dliche Krebserkrankungen in \u00e4hnlicher Gr\u00f6\u00dfenordnung <\/span><\/li>\n<li><span style=\"font-size: small;\">plus ein Mehrfaches an Nicht<\/span><span style=\"font-family: MS UI Gothic; font-size: small;\"><span style=\"font-family: MS UI Gothic; font-size: small;\">\u2010<\/span><\/span><span style=\"font-size: small;\">Krebserkrankungen wie Herz<\/span><span style=\"font-family: MS UI Gothic; font-size: small;\"><span style=\"font-family: MS UI Gothic; font-size: small;\">\u2010<\/span><\/span><span style=\"font-size: small;\">Kreislauf<\/span><span style=\"font-family: MS UI Gothic; font-size: small;\"><span style=\"font-family: MS UI Gothic; font-size: small;\">\u2010<\/span><\/span><span style=\"font-size: small;\">Erkrankungen und Stoffwechselst\u00f6rungen<\/span><\/li>\n<\/ul>\n<p>Darum geht es: bewusstes Inkaufnehmen dieser Zahlen von Gesundheitssch\u00e4den.<\/p>\n<p>Leider haben Sie dazu beigetragen, diese Infos und Gefahren ins L\u00e4cherliche zu ziehen.<\/p>\n<p>Man sollte vorbeugen, und nicht wie die Vattenfall-Managerin Frau Welte als Vertreterin der deutschen Strahlenschutzkommission im Juli vor der Infokommission in Neckarwestheim\u00a0 sagen m\u00fcssen: Fukushima hat uns gezeigt, dass wir jahrzehntelang einen Fehlern machten: wir glaubten, das Unwahrscheinliche werde nicht eintreten.<\/p>\n<p>Nachtrag:<\/p>\n<p>Quelle Umweltministerium Baden-W\u00fcrttemberg:<br \/>\nFreigabe ist nach \u00a7 3 Abs. 2 Nr. 15 StrlSchV ein \u201e<span style=\"color: #ff0000; text-decoration: underline;\"><strong>Verwaltungsakt<\/strong><\/span>, der die Entlassung <span style=\"color: #ff0000; text-decoration: underline;\"><strong>radioaktiver Stoffe<\/strong> <\/span>sowie beweglicher Gegenst\u00e4nde, von Geb\u00e4uden, Bodenfl\u00e4chen, Anlagen oder Anlagenteilen,<span style=\"color: #ff0000;\"><strong><span style=\"text-decoration: underline;\"> die aktiviert oder mit radioaktiven Stoffen kontaminiert<\/span> <\/strong><\/span>sind und die aus T\u00e4tigkeiten nach \u00a7 2 Abs. 1 Nr. 1 Buchstabe a, c oder d stammen, aus dem Regelungsbereich a) des Atomgesetzes und b) darauf beruhender Rechtsverordnungen sowie verwaltungsbeh\u00f6rdlicher Entscheidungen zur Verwendung, Verwertung, Beseitigung, Innehabung oder zu deren Weitergabe an Dritte <span style=\"color: #ff0000; text-decoration: underline;\"><strong>als nicht radioaktive Stoffe bewirkt<\/strong><\/span>.\u201c<br \/>\n(<a title=\"Homepage UM BaW\u00fc, Thema Freigabe \/ Freimesse\" href=\"http:\/\/um.baden-wuerttemberg.de\/de\/umwelt\/kernenergie-und-radioaktivitaet\/ver-und-entsorgung\/radioaktive-abfaelle\/freigabe-schwach-kontaminierter-abfaelle\/\" target=\"_blank\">http:\/\/um.baden-wuerttemberg.de\/de\/umwelt\/kernenergie-und-radioaktivitaet\/ver-und-entsorgung\/radioaktive-abfaelle\/freigabe-schwach-kontaminierter-abfaelle\/<\/a>)<\/p>\n<p>Quelle Vortrag von Frau Welte:<br \/>\n&#8222;Mit Reaktorunf\u00e4llen muss unabh\u00e4ngig von der berechneten Eintrittswahrscheinlichkeit gerechnet werden!&#8220;<br \/>\n&#8222;Nukleare Unf\u00e4lle finden statt: auch wenn wir uns um einen perfekten Betrieb der Anlagen bem\u00fchen, k\u00f6nnen wir niemals darauf vertrauen, dass wir absolut erfolgreich sind. Und wir k\u00f6nnen nicht erwarten, dass die Bev\u00f6lkerung es glaubt, dass wir erfolgreich sind. Wir m\u00fcssen einr\u00e4umen, dass Menschen Fehler machen, individuell und auch kollektiv.&#8220;(WNA 2011)<br \/>\n&#8222;Die Festlegung des f\u00fcr die Notfallplanung zugrundeliegenden Unfallspektrums sollte sich nach Auffassung der SSK k\u00fcnftig st\u00e4rker an den potenziellen Auswirkungen als an der berechneten Eintrittswahrscheinlichkeit von Unf\u00e4llen orientieren.&#8220; (neue SSK-Empfehlung zu Planungsgebieten im Notfallschutz)<br \/>\n(<a title=\"Infokommission GKN 14.7.2014, u.a. Vortrag Frau Welte\" href=\"http:\/\/www2.um.baden-wuerttemberg.de\/servlet\/is\/59484\/\" target=\"_blank\">http:\/\/www2.um.baden-wuerttemberg.de\/servlet\/is\/59484\/<\/a>)<\/p>\n<p>Gutachten, warum die Freigabe radioaktiver Stoffe gleich mehrfach rechtswidrig ist (Autor: Wolfgang Neumann, intac, f\u00fcr den BUND):<br \/>\n<a title=\"Gutachten zu Freigabe\/Freimessen\" href=\"http:\/\/atomerbe-neckarwestheim.de\/artikel\/72-bund-studie-zu-den-problemen-der-freigabe-von-schwach-radioaktiven-stoffen\" target=\"_blank\">http:\/\/atomerbe-neckarwestheim.de\/artikel\/72-bund-studie-zu-den-problemen-der-freigabe-von-schwach-radioaktiven-stoffen<\/a><\/p>\n","protected":false},"excerpt":{"rendered":"<p>Gestern urteilte der Verwaltungsgerichtshof in Mannheim, dass alle Bedenken gegen die Rechtm\u00e4\u00dfigkeit der vom baden-w\u00fcrttembergischen Umweltminister erteilten 2. Abrissgenehmigung f\u00fcr das AKW Obrigheim aus\u00a0formalrechtlicher Sicht unbedeutend sind. Das ist ein\u00a0schwarzer Tag und bahnt die weitere massive Freisetzung von Radioaktivit\u00e4t durch die Abriss- und &#8222;Freimess&#8220;-Handlungen. Link: Presseerkl\u00e4rung des Gerichts Link: Homepage\u00a0der Initiative AtomErbe Obrigheim Link: Homepage [&hellip;]<\/p>\n","protected":false},"author":4,"featured_media":0,"comment_status":"open","ping_status":"open","sticky":false,"template":"","format":"standard","meta":[],"categories":[31,1,3,29],"tags":[],"_links":{"self":[{"href":"http:\/\/energiewendeheilbronn.de\/blog\/wp-json\/wp\/v2\/posts\/1686"}],"collection":[{"href":"http:\/\/energiewendeheilbronn.de\/blog\/wp-json\/wp\/v2\/posts"}],"about":[{"href":"http:\/\/energiewendeheilbronn.de\/blog\/wp-json\/wp\/v2\/types\/post"}],"author":[{"embeddable":true,"href":"http:\/\/energiewendeheilbronn.de\/blog\/wp-json\/wp\/v2\/users\/4"}],"replies":[{"embeddable":true,"href":"http:\/\/energiewendeheilbronn.de\/blog\/wp-json\/wp\/v2\/comments?post=1686"}],"version-history":[{"count":5,"href":"http:\/\/energiewendeheilbronn.de\/blog\/wp-json\/wp\/v2\/posts\/1686\/revisions"}],"predecessor-version":[{"id":1688,"href":"http:\/\/energiewendeheilbronn.de\/blog\/wp-json\/wp\/v2\/posts\/1686\/revisions\/1688"}],"wp:attachment":[{"href":"http:\/\/energiewendeheilbronn.de\/blog\/wp-json\/wp\/v2\/media?parent=1686"}],"wp:term":[{"taxonomy":"category","embeddable":true,"href":"http:\/\/energiewendeheilbronn.de\/blog\/wp-json\/wp\/v2\/categories?post=1686"},{"taxonomy":"post_tag","embeddable":true,"href":"http:\/\/energiewendeheilbronn.de\/blog\/wp-json\/wp\/v2\/tags?post=1686"}],"curies":[{"name":"wp","href":"https:\/\/api.w.org\/{rel}","templated":true}]}}