{"id":1755,"date":"2015-01-09T11:35:41","date_gmt":"2015-01-09T10:35:41","guid":{"rendered":"http:\/\/www.energiewendeheilbronn.de\/blog\/?p=1755"},"modified":"2015-01-09T11:37:06","modified_gmt":"2015-01-09T10:37:06","slug":"fr-16-1-15-1930-uhr-weitere-veranstaltung-zum-atomraketen-unglueck-1985","status":"publish","type":"post","link":"http:\/\/energiewendeheilbronn.de\/blog\/2015\/01\/09\/fr-16-1-15-1930-uhr-weitere-veranstaltung-zum-atomraketen-unglueck-1985\/","title":{"rendered":"Fr. 16.1.15, 19:30 Uhr: Weitere Veranstaltung zum Atomraketen-Ungl\u00fcck 1985"},"content":{"rendered":"<p><a href=\"\/blog\/wp-content\/uploads\/2015\/01\/Atomraketen_und_Proteste_in_Heilbronn-A5.pdf\" target=\"_blank\"><img loading=\"lazy\" class=\"alignleft size-full wp-image-1756\" src=\"\/blog\/wp-content\/uploads\/2015\/01\/2015-01-16-Flyer.png\" alt=\"2015-01-16-Flyer\" width=\"297\" height=\"209\" srcset=\"http:\/\/energiewendeheilbronn.de\/blog\/wp-content\/uploads\/2015\/01\/2015-01-16-Flyer.png 297w, http:\/\/energiewendeheilbronn.de\/blog\/wp-content\/uploads\/2015\/01\/2015-01-16-Flyer-150x105.png 150w, http:\/\/energiewendeheilbronn.de\/blog\/wp-content\/uploads\/2015\/01\/2015-01-16-Flyer-250x175.png 250w\" sizes=\"(max-width: 297px) 100vw, 297px\" \/><\/a>DIE LINKE Heilbronn-Unterland und die Organisierte Linke Heilbronn (OL) laden ein:<\/p>\n<div><strong>Atomraketen und Proteste in Heilbronn \u2013 30 Jahre Pershing 2-Ungl\u00fcck<\/strong><\/div>\n<div><\/div>\n<div>Am 11.1.2015 j\u00e4hrt sich bereits zum 30ten Mal das Raketenungl\u00fcck auf der Heilbronner Waldheide. Damals starben 3 US-Soldaten an einer entz\u00fcndeten Atomrakete. Heute erinnert nur noch ein kleiner Gedenkstein am Ungl\u00fccksort an die Toten. Was steckt aber hinter diesem Jahrestag? Wieso gab es Atomraketen in Heilbronn?<\/div>\n<div><\/div>\n<div>In den Zeiten der Blockkonfrontation zwischen \u201eWarschauer Pakt\u201c und NATO sorgte ein R\u00fcstungswettlauf f\u00fcr weltweite Angst vor einem Atomkrieg. Der deutsche sozialdemokratische Bundeskanzler Helmut Schmidt forderte in dieser Situation ein st\u00e4rkeres Engagement der USA in Europa. Seine Forderung erf\u00fcllte sich im sogenannten NATO-Doppelbeschluss von 1979, in dessen Folge Atomraketen in Westdeutschland stationiert wurden. Diese sogenannten Pershing 2-Raketen konnten von Westeuropa aus Ziele in der Sowjetunion treffen, was eine neue Qualit\u00e4t in der Aufr\u00fcstung bedeutete. Ab 1983 wurden die Pershing 2-Raketen geheim auf der Waldheide stationiert. Friedensaktivsten hatten die Raketen beobachtet, von offizieller Seite wurde aber bis zum Brand einer Pershing 2-Rakete am 11.1.85 Geheimhaltung bewahrt.<\/div>\n<p><!--more--><\/p>\n<div>Der damalige OB Manfred Weinmann lie\u00df eine Diskussion im Gemeinderat nicht zu. Wurden Proteste und Blockaden gegen die Raketenstationierung vor dem Ungl\u00fcck von einem gro\u00dfen Teil der Bev\u00f6lkerung verurteilt, \u00e4nderte sich diese Sicht danach. Nun protestierten zehntausend Heilbronner*Innen gegen die Raketen. Im April 85 blockierten mehrere hundert Menschen \u00fcber Stunden die Abfahrt des Bundesverteidigungsministers W\u00f6rner aus dem Rathaus. Er hatte dem Gemeinderat u.a. erkl\u00e4rt, dass \u201ezu keinem Zeitpunkt\u201c Gefahr f\u00fcr die Bev\u00f6lkerung bestanden habe. Nur \u00fcber dunkle G\u00e4nge und die Hausmeisterwohnung konnte er fl\u00fcchten. Der Heilbronner Gemeinderat positionierte sich gegen die Raketen auf der Waldheide.<\/div>\n<div><\/div>\n<div>An diese Ereignisse, die Protestbewegung, die politischen Auseinandersetzungen und Zusammenh\u00e4nge soll nun bei einem Vortrags- und Diskussionsabend erinnert werden. Der Zeitzeuge, <strong>Konrad Wanner<\/strong>, wird von damals berichten. Dazu gibt es eine Ausstellung zu den Protesten rund um die Pershing 2-Raketen auf der Heilbronner Waldheide.<\/div>\n<div><\/div>\n<div>Welche Aufgaben und Ziele werden heute von der NATO verfolgt, da doch die Sowjetunion und ihre Verb\u00fcndeten nicht mehr existieren? Wieso gibt es heute noch Atomraketen in Deutschland? Auf die aktuellen Aspekte wird die Wissenschaftlerin und Friedensaktivistin, <strong>Claudia Haydt<\/strong>, in einem Beitrag eingehen.<\/div>\n<div><\/div>\n<div><strong><em><span style=\"text-decoration: underline;\">Vortrag<\/span><\/em><\/strong><strong> mit Claudia Haydt und Konrad Wanner am 16.1. um 19.30 Uhr im Regionalb\u00fcro DIE LINKE, Allee 40, 74072 Heilbronn.<\/strong><\/div>\n<div><\/div>\n<div><strong><em><span style=\"text-decoration: underline;\">Ausstellung<\/span><\/em><\/strong><strong> zu \u201eProteste gegen die Atomraketen in Heilbronn\u201c vom 16.1. bis zum 23.1. im Regionalb\u00fcro DIE LINKE (Anmeldung unter 07131-8971992) und vom 24.1. bis 31.1. im Sozialen Zentrum K\u00e4the, Wollhausstr. 49, 74072 Heilbronn<\/strong><\/div>\n<div><\/div>\n<div>Hier Download des Flyers:<\/div>\n<div>\u00a0<a href=\"\/blog\/wp-content\/uploads\/2015\/01\/Atomraketen_und_Proteste_in_Heilbronn-A5.pdf\" target=\"_blank\">Flyer 16.1.2015<\/a><\/div>\n","protected":false},"excerpt":{"rendered":"<p>DIE LINKE Heilbronn-Unterland und die Organisierte Linke Heilbronn (OL) laden ein: Atomraketen und Proteste in Heilbronn \u2013 30 Jahre Pershing 2-Ungl\u00fcck Am 11.1.2015 j\u00e4hrt sich bereits zum 30ten Mal das Raketenungl\u00fcck auf der Heilbronner Waldheide. Damals starben 3 US-Soldaten an einer entz\u00fcndeten Atomrakete. Heute erinnert nur noch ein kleiner Gedenkstein am Ungl\u00fccksort an die Toten. [&hellip;]<\/p>\n","protected":false},"author":4,"featured_media":0,"comment_status":"open","ping_status":"open","sticky":false,"template":"","format":"standard","meta":[],"categories":[1],"tags":[],"_links":{"self":[{"href":"http:\/\/energiewendeheilbronn.de\/blog\/wp-json\/wp\/v2\/posts\/1755"}],"collection":[{"href":"http:\/\/energiewendeheilbronn.de\/blog\/wp-json\/wp\/v2\/posts"}],"about":[{"href":"http:\/\/energiewendeheilbronn.de\/blog\/wp-json\/wp\/v2\/types\/post"}],"author":[{"embeddable":true,"href":"http:\/\/energiewendeheilbronn.de\/blog\/wp-json\/wp\/v2\/users\/4"}],"replies":[{"embeddable":true,"href":"http:\/\/energiewendeheilbronn.de\/blog\/wp-json\/wp\/v2\/comments?post=1755"}],"version-history":[{"count":4,"href":"http:\/\/energiewendeheilbronn.de\/blog\/wp-json\/wp\/v2\/posts\/1755\/revisions"}],"predecessor-version":[{"id":1761,"href":"http:\/\/energiewendeheilbronn.de\/blog\/wp-json\/wp\/v2\/posts\/1755\/revisions\/1761"}],"wp:attachment":[{"href":"http:\/\/energiewendeheilbronn.de\/blog\/wp-json\/wp\/v2\/media?parent=1755"}],"wp:term":[{"taxonomy":"category","embeddable":true,"href":"http:\/\/energiewendeheilbronn.de\/blog\/wp-json\/wp\/v2\/categories?post=1755"},{"taxonomy":"post_tag","embeddable":true,"href":"http:\/\/energiewendeheilbronn.de\/blog\/wp-json\/wp\/v2\/tags?post=1755"}],"curies":[{"name":"wp","href":"https:\/\/api.w.org\/{rel}","templated":true}]}}