{"id":1782,"date":"2015-01-25T12:31:03","date_gmt":"2015-01-25T11:31:03","guid":{"rendered":"http:\/\/www.energiewendeheilbronn.de\/blog\/?p=1782"},"modified":"2015-01-25T12:39:26","modified_gmt":"2015-01-25T11:39:26","slug":"atommuell-ohne-ende-video-aufzeichnung-vom-vortrag-mit-jochen-stay","status":"publish","type":"post","link":"http:\/\/energiewendeheilbronn.de\/blog\/2015\/01\/25\/atommuell-ohne-ende-video-aufzeichnung-vom-vortrag-mit-jochen-stay\/","title":{"rendered":"Atomm\u00fcll ohne Ende: Video-Aufzeichnung vom Vortrag mit Jochen Stay"},"content":{"rendered":"<p>Atomm\u00fcll ohne Ende, Vortrag mit Jochen Stay, Sprecher von &#8222;.ausgestrahlt&#8220;<\/p>\n<p>Deutschland ist noch auf Jahre hinaus zweitgr\u00f6\u00dfter Atomstrom- und damit auch Atomm\u00fcll-Produzent der EU. Der strahlende Abfall-Berg w\u00e4chst weiter. Eine sichere L\u00f6sung f\u00fcr das Jahrtausendproblem Atomm\u00fcll gibt es nicht. Die \u201eEndlager&#8220;-Projekte in Gorleben, Morsleben und der Asse sind gescheitert.<\/p>\n<p>2014 hat der Bundestag das sogenannte Endlagersuchgesetz beschlossen und eine Kommission eingesetzt, die sich angeblich der Probleme annehmen soll. Doch wie sieht die Realit\u00e4t aus? Welche Dimensionen nimmt das Atomm\u00fcll-Desaster in Deutschland inzwischen an? Was bedeutet das neue Gesetz f\u00fcr den Atomm\u00fcll-Konflikt? Was wird aus Gorleben? Wie f\u00e4llt der Vergleich von Anspruch und Wirklichkeit bei der Arbeit der Kommission aus? Und welche alternativen M\u00f6glichkeiten gibt es, zu einem gesellschaftlichen Konsens in Sachen Atomm\u00fcll zu kommen?<\/p>\n<p>Jochen Stay ist Sprecher der Anti-Atom-Organisation &#8222;.ausgestrahlt&#8220; und seit etwa 30 Jahren aktiv gegen Atomtransporte und unsichere Atomm\u00fcll-Lagerung. Er hat die Rolle eines \u201est\u00e4ndigen Beobachters&#8220; der Kommissions-Sitzungen eingenommen. Jetzt sprach er im Rahmen seiner bundesweiten Info-Tour in Ludwigsburg \u00fcber seine Erfahrungen und Einsch\u00e4tzungen und machte Mut, sich in die Atomm\u00fcll-Debatte aktiv einzumischen.<\/p>\n<p>Veranstalter des Vortrags in Ludwigsburg am 23.01.2015 waren das Aktionsb\u00fcndnis Energiewende Heilbronn, der Bund der B\u00fcrgerinitiativen Mittlerer Neckar (BBMN e.V.) und die B\u00fcrgerinitiative AntiAtom Ludwigsburg.<\/p>\n<p>Von fluegel.tv gibt es den Vortrag jetzt als Video &#8211; aufgeteilt in 8 Themen:<!--more--><\/p>\n<p><strong>Begr\u00fcssung und &#8222;Wer ist .ausgestrahlt?&#8220;<\/strong><\/p>\n<p><iframe loading=\"lazy\" width=\"640\" height=\"360\" src=\"\/\/www.youtube-nocookie.com\/embed\/sU5R7Z52JRc?rel=0\" frameborder=\"0\" allowfullscreen><\/iframe><\/p>\n<p><strong>Zum Stand des Atomausstieges<\/strong><\/p>\n<p><iframe loading=\"lazy\" width=\"640\" height=\"360\" src=\"\/\/www.youtube-nocookie.com\/embed\/gxbd0HAeWVk?rel=0\" frameborder=\"0\" allowfullscreen><\/iframe><\/p>\n<p><strong>Das Problem mit dem Atomm\u00fcll<\/strong><\/p>\n<p><iframe loading=\"lazy\" width=\"640\" height=\"360\" src=\"\/\/www.youtube-nocookie.com\/embed\/6achRxddf6I?rel=0\" frameborder=\"0\" allowfullscreen><\/iframe><\/p>\n<p><strong>Die Auseinandersetzungen um den Atomm\u00fcll<\/strong><\/p>\n<p><iframe loading=\"lazy\" width=\"640\" height=\"360\" src=\"\/\/www.youtube-nocookie.com\/embed\/VDm7rwtzCB4?rel=0\" frameborder=\"0\" allowfullscreen><\/iframe><\/p>\n<p><strong>Das Endlagersuchgesetz<\/strong><\/p>\n<p><iframe loading=\"lazy\" width=\"640\" height=\"360\" src=\"\/\/www.youtube-nocookie.com\/embed\/pDpr3c7PujA?rel=0\" frameborder=\"0\" allowfullscreen><\/iframe><\/p>\n<p><strong>Die Atomm\u00fcll-Kommission<\/strong><\/p>\n<p><iframe loading=\"lazy\" width=\"640\" height=\"360\" src=\"\/\/www.youtube-nocookie.com\/embed\/suPxaEEiBN4?rel=0\" frameborder=\"0\" allowfullscreen><\/iframe><\/p>\n<p><strong>Wie kann man den Atomm\u00fcll-Konflikt angehen?<\/strong><\/p>\n<p><iframe loading=\"lazy\" width=\"640\" height=\"360\" src=\"\/\/www.youtube-nocookie.com\/embed\/UYUE7mUhY38?rel=0\" frameborder=\"0\" allowfullscreen><\/iframe><\/p>\n<p><strong>Diskussion und Termine<\/strong><\/p>\n<p><iframe loading=\"lazy\" width=\"640\" height=\"360\" src=\"\/\/www.youtube-nocookie.com\/embed\/upZBMJzaA-c?rel=0\" frameborder=\"0\" allowfullscreen><\/iframe><\/p>\n","protected":false},"excerpt":{"rendered":"<p>Atomm\u00fcll ohne Ende, Vortrag mit Jochen Stay, Sprecher von &#8222;.ausgestrahlt&#8220; Deutschland ist noch auf Jahre hinaus zweitgr\u00f6\u00dfter Atomstrom- und damit auch Atomm\u00fcll-Produzent der EU. Der strahlende Abfall-Berg w\u00e4chst weiter. Eine sichere L\u00f6sung f\u00fcr das Jahrtausendproblem Atomm\u00fcll gibt es nicht. Die \u201eEndlager&#8220;-Projekte in Gorleben, Morsleben und der Asse sind gescheitert. 2014 hat der Bundestag das sogenannte [&hellip;]<\/p>\n","protected":false},"author":1,"featured_media":0,"comment_status":"open","ping_status":"open","sticky":false,"template":"","format":"standard","meta":[],"categories":[3,20,36,7],"tags":[],"_links":{"self":[{"href":"http:\/\/energiewendeheilbronn.de\/blog\/wp-json\/wp\/v2\/posts\/1782"}],"collection":[{"href":"http:\/\/energiewendeheilbronn.de\/blog\/wp-json\/wp\/v2\/posts"}],"about":[{"href":"http:\/\/energiewendeheilbronn.de\/blog\/wp-json\/wp\/v2\/types\/post"}],"author":[{"embeddable":true,"href":"http:\/\/energiewendeheilbronn.de\/blog\/wp-json\/wp\/v2\/users\/1"}],"replies":[{"embeddable":true,"href":"http:\/\/energiewendeheilbronn.de\/blog\/wp-json\/wp\/v2\/comments?post=1782"}],"version-history":[{"count":8,"href":"http:\/\/energiewendeheilbronn.de\/blog\/wp-json\/wp\/v2\/posts\/1782\/revisions"}],"predecessor-version":[{"id":1790,"href":"http:\/\/energiewendeheilbronn.de\/blog\/wp-json\/wp\/v2\/posts\/1782\/revisions\/1790"}],"wp:attachment":[{"href":"http:\/\/energiewendeheilbronn.de\/blog\/wp-json\/wp\/v2\/media?parent=1782"}],"wp:term":[{"taxonomy":"category","embeddable":true,"href":"http:\/\/energiewendeheilbronn.de\/blog\/wp-json\/wp\/v2\/categories?post=1782"},{"taxonomy":"post_tag","embeddable":true,"href":"http:\/\/energiewendeheilbronn.de\/blog\/wp-json\/wp\/v2\/tags?post=1782"}],"curies":[{"name":"wp","href":"https:\/\/api.w.org\/{rel}","templated":true}]}}