{"id":190,"date":"2011-05-25T22:45:23","date_gmt":"2011-05-25T20:45:23","guid":{"rendered":"http:\/\/www.energiewendeheilbronn.de\/blog\/?p=190"},"modified":"2011-05-25T23:06:08","modified_gmt":"2011-05-25T21:06:08","slug":"atomausstieg-auch-in-der-schweiz-historischer-tag","status":"publish","type":"post","link":"http:\/\/energiewendeheilbronn.de\/blog\/2011\/05\/25\/atomausstieg-auch-in-der-schweiz-historischer-tag\/","title":{"rendered":"Atomausstieg auch in der Schweiz! &#8222;historischer Tag&#8220;"},"content":{"rendered":"<p>Mit dem &#8222;Menschenstrom gegen Atom&#8220; letztes Jahr hat die schweizer Anti-Atom-Bewegung noch gegen die Neubaupl\u00e4ne von Atomkraftwerken demonstriert. Nur drei Tage nach dem diesj\u00e4hrigen &#8222;Menschenstrom&#8220; &#8211; mit 20.000 Teilnehmern die gr\u00f6\u00dfte Anti-Atom Demo seit 25 Jahren in der Schweiz &#8211; hat der Bundesrat den Atomausstieg beschlossen!<\/p>\n<blockquote><p>Das erste Atomkraftwerk w\u00fcrde demnach etwa 2019 vom Netz gehen, das letzte 2034. 2019 soll Beznau I abgeschaltet werden. Beznau II und M\u00fchleberg sollen 2022 folgen, G\u00f6sgen 2029 und Leibstadt 2034.<!--more--><\/p>\n<p>Um den Wegfall des Atomstroms auszugleichen, will der Bundesrat vor allem Stromsparen f\u00f6rdern und die Stromproduktion durch Wasserkraft und neue erneuerbare Energiequellen ausbauen.<\/p>\n<p>Die Kosten f\u00fcr den Umstieg in eine atomfreie Stromversorgung sch\u00e4tzt der Bundesrat auf j\u00e4hrlich 2 bis 4 Milliarden Franken. Ein Gesetz, das die Modalit\u00e4ten des Atom-Ausstiegs regelt, soll 2012 dem Parlament vorgelegt werden.<\/p>\n<p>Energieministerin Doris Leuthard sagte vor den Medien in Bern, der Bundesrat habe sich f\u00fcr seinen Grundsatzentscheid zur Stromzukunft der Schweiz w\u00e4hrend rund vier Stunden durch das Stromdossier gearbeitet. Dabei sei die Regierung zum Schluss gekommen, dass es ein klares Zeichen des Bundesrats brauche. &#8222;Deshalb ist heute durchaus ein historischer Tag&#8220;, so Leuthard.<\/p>\n<p><a href=\"http:\/\/www.swissinfo.ch\/ger\/politik_schweiz\/Regierung_will_schrittweisen_AKW-Ausstieg.html?cid=30316026\" target=\"_blank\">Artikel auf swissinfo.ch weiterlesen<\/a><\/p><\/blockquote>\n<p>Zwar gibt es mit diesem Beschluss f\u00fcr die Anti-Atom-Bewegung in der Schweiz noch einiges zu tun &#8211; aber ein wichtiger Schritt ist damit erreicht.<\/p>\n<p>\u00dcbrigens:<\/p>\n<blockquote><p>Die Schweiz setzt in ihrer Energieversorgung bereits jetzt auch auf zahlreiche Wasserkraftwerke und andere erneuerbare Energieerzeuger. Knapp 60 Prozent des Schweizer Stroms sind gr\u00fcn. Und noch eine Besonderheit gibt es im Energiemix der Schweiz: Kohle und Gas spielen keine Rolle.<\/p>\n<p>Quelle: <a href=\"http:\/\/www.tagesschau.de\/ausland\/atomkraft282.html\" target=\"_blank\">tagesschau.de<\/a><\/p><\/blockquote>\n","protected":false},"excerpt":{"rendered":"<p>Mit dem &#8222;Menschenstrom gegen Atom&#8220; letztes Jahr hat die schweizer Anti-Atom-Bewegung noch gegen die Neubaupl\u00e4ne von Atomkraftwerken demonstriert. Nur drei Tage nach dem diesj\u00e4hrigen &#8222;Menschenstrom&#8220; &#8211; mit 20.000 Teilnehmern die gr\u00f6\u00dfte Anti-Atom Demo seit 25 Jahren in der Schweiz &#8211; hat der Bundesrat den Atomausstieg beschlossen! Das erste Atomkraftwerk w\u00fcrde demnach etwa 2019 vom Netz [&hellip;]<\/p>\n","protected":false},"author":2,"featured_media":0,"comment_status":"open","ping_status":"open","sticky":false,"template":"","format":"standard","meta":[],"categories":[3,5,13],"tags":[],"_links":{"self":[{"href":"http:\/\/energiewendeheilbronn.de\/blog\/wp-json\/wp\/v2\/posts\/190"}],"collection":[{"href":"http:\/\/energiewendeheilbronn.de\/blog\/wp-json\/wp\/v2\/posts"}],"about":[{"href":"http:\/\/energiewendeheilbronn.de\/blog\/wp-json\/wp\/v2\/types\/post"}],"author":[{"embeddable":true,"href":"http:\/\/energiewendeheilbronn.de\/blog\/wp-json\/wp\/v2\/users\/2"}],"replies":[{"embeddable":true,"href":"http:\/\/energiewendeheilbronn.de\/blog\/wp-json\/wp\/v2\/comments?post=190"}],"version-history":[{"count":7,"href":"http:\/\/energiewendeheilbronn.de\/blog\/wp-json\/wp\/v2\/posts\/190\/revisions"}],"predecessor-version":[{"id":195,"href":"http:\/\/energiewendeheilbronn.de\/blog\/wp-json\/wp\/v2\/posts\/190\/revisions\/195"}],"wp:attachment":[{"href":"http:\/\/energiewendeheilbronn.de\/blog\/wp-json\/wp\/v2\/media?parent=190"}],"wp:term":[{"taxonomy":"category","embeddable":true,"href":"http:\/\/energiewendeheilbronn.de\/blog\/wp-json\/wp\/v2\/categories?post=190"},{"taxonomy":"post_tag","embeddable":true,"href":"http:\/\/energiewendeheilbronn.de\/blog\/wp-json\/wp\/v2\/tags?post=190"}],"curies":[{"name":"wp","href":"https:\/\/api.w.org\/{rel}","templated":true}]}}