{"id":241,"date":"2011-06-02T13:10:55","date_gmt":"2011-06-02T11:10:55","guid":{"rendered":"http:\/\/www.energiewendeheilbronn.de\/blog\/?p=241"},"modified":"2011-06-02T13:10:55","modified_gmt":"2011-06-02T11:10:55","slug":"katastrophenschutzplane-statt-energiemusterlandle-nicht-mit-uns","status":"publish","type":"post","link":"http:\/\/energiewendeheilbronn.de\/blog\/2011\/06\/02\/katastrophenschutzplane-statt-energiemusterlandle-nicht-mit-uns\/","title":{"rendered":"Katastrophenschutzpl\u00e4ne statt Energiemusterl\u00e4ndle? Nicht mit uns!"},"content":{"rendered":"<p>PRESSEMITTEILUNG<\/p>\n<p>Das Aktionsb\u00fcndnis Energiewende Heilbronn zeigt keinerlei Verst\u00e4ndnis f\u00fcr einen Weiterbetrieb der \u201eneueren\u201c Atomanlagen bis 2020 oder sogar bis 2022, zu denen auch Neckarwestheim II geh\u00f6ren w\u00fcrde.<\/p>\n<p>&#8222;Das w\u00fcrde bedeuten dass unsere Region\u00a0noch mindestens 10 Jahre mit einem nicht kalkulierbaren und nicht hinnehmbaren Risiko leben m\u00fcsse&#8220;, sagt Hartmut Ehrmann vom Aktionsb\u00fcndnis Energiewende Heilbronn, &#8222;jeder Tag Weiterbetrieb bedeutet f\u00fcr uns noch mehr Atomm\u00fcll vor der Haust\u00fcre. Weiterhin keine gesicherte Endlagerung, weiterhin der Anstieg von Krebserkrankungen und Leuk\u00e4mie bei Kindern, wie er in der Kinderkrebsstudie nachgewiesen wurde.&#8220;<!--more--><\/p>\n<p>Wer die Energiewende ernst meint, muss endg\u00fcltig den Fu\u00df von der Bremse nehmen. Eine beschleunigte Energiewende, wie sie Angela Merkel ank\u00fcndigt, bedeutet mit voller Kraft die dezentrale, b\u00fcrgernahe und erneuerbare Energieversorgung voranzutreiben und sich endg\u00fcltig von der vom Konzern-Oligopol bestimmten Energiepolitik mit musealer, atomarer Gro\u00dftechnologie zu verabschieden. Eine echte Energiewende \u00a0bedeutet daher auch einen Wechsel von Marktanteilen und eine \u00c4nderung der bisherigen Versorgungsstrukturen. Schon jetzt haben die B\u00fcrger und fortschrittliche Kommunen mehr Geld in erneuerbare Energie investiert als die vier Stromkonzerne.<\/p>\n<p>\u201eWir lassen uns von niemanden mehr\u00a0einreden, dass unser Wohlstand von der Atomindustrie abhinge und wir in guter Nachbarschaft mit AKWs leben k\u00f6nnten\u201c, so Monika Knoll vom Aktionsb\u00fcndnis, \u201e im 25-Kilometer-Radius um Neckarwestheim leben 1,2 Millionen Menschen. Das sind mehr als um jedes andere Atomkraftwerk in Deutschland. Das ist ein Tanz auf dem Vulkan. Fukushima mahnt.\u201c<\/p>\n","protected":false},"excerpt":{"rendered":"<p>PRESSEMITTEILUNG Das Aktionsb\u00fcndnis Energiewende Heilbronn zeigt keinerlei Verst\u00e4ndnis f\u00fcr einen Weiterbetrieb der \u201eneueren\u201c Atomanlagen bis 2020 oder sogar bis 2022, zu denen auch Neckarwestheim II geh\u00f6ren w\u00fcrde. &#8222;Das w\u00fcrde bedeuten dass unsere Region\u00a0noch mindestens 10 Jahre mit einem nicht kalkulierbaren und nicht hinnehmbaren Risiko leben m\u00fcsse&#8220;, sagt Hartmut Ehrmann vom Aktionsb\u00fcndnis Energiewende Heilbronn, &#8222;jeder Tag [&hellip;]<\/p>\n","protected":false},"author":5,"featured_media":0,"comment_status":"open","ping_status":"open","sticky":false,"template":"","format":"standard","meta":[],"categories":[4,3,5,8,13],"tags":[],"_links":{"self":[{"href":"http:\/\/energiewendeheilbronn.de\/blog\/wp-json\/wp\/v2\/posts\/241"}],"collection":[{"href":"http:\/\/energiewendeheilbronn.de\/blog\/wp-json\/wp\/v2\/posts"}],"about":[{"href":"http:\/\/energiewendeheilbronn.de\/blog\/wp-json\/wp\/v2\/types\/post"}],"author":[{"embeddable":true,"href":"http:\/\/energiewendeheilbronn.de\/blog\/wp-json\/wp\/v2\/users\/5"}],"replies":[{"embeddable":true,"href":"http:\/\/energiewendeheilbronn.de\/blog\/wp-json\/wp\/v2\/comments?post=241"}],"version-history":[{"count":2,"href":"http:\/\/energiewendeheilbronn.de\/blog\/wp-json\/wp\/v2\/posts\/241\/revisions"}],"predecessor-version":[{"id":243,"href":"http:\/\/energiewendeheilbronn.de\/blog\/wp-json\/wp\/v2\/posts\/241\/revisions\/243"}],"wp:attachment":[{"href":"http:\/\/energiewendeheilbronn.de\/blog\/wp-json\/wp\/v2\/media?parent=241"}],"wp:term":[{"taxonomy":"category","embeddable":true,"href":"http:\/\/energiewendeheilbronn.de\/blog\/wp-json\/wp\/v2\/categories?post=241"},{"taxonomy":"post_tag","embeddable":true,"href":"http:\/\/energiewendeheilbronn.de\/blog\/wp-json\/wp\/v2\/tags?post=241"}],"curies":[{"name":"wp","href":"https:\/\/api.w.org\/{rel}","templated":true}]}}