{"id":267,"date":"2011-06-07T11:59:17","date_gmt":"2011-06-07T09:59:17","guid":{"rendered":"http:\/\/www.energiewendeheilbronn.de\/blog\/?p=267"},"modified":"2011-06-07T11:59:17","modified_gmt":"2011-06-07T09:59:17","slug":"dgrv-energiewende-nur-mit-beteiligung-der-regionen-moglich","status":"publish","type":"post","link":"http:\/\/energiewendeheilbronn.de\/blog\/2011\/06\/07\/dgrv-energiewende-nur-mit-beteiligung-der-regionen-moglich\/","title":{"rendered":"DGRV: Energiewende nur mit Beteiligung der Regionen m\u00f6glich"},"content":{"rendered":"<blockquote><p>Der Deutsche Genossenschafts- und Raiffeisenverband begr\u00fc\u00dft das heute vom Bundeskabinett verabschiedete Energiekonzept und den eingeschlagenen Weg in das Zeitalter der erneuerbaren Energien. Der Spitzenverband der Genossenschaften warnt aber davor, dass der tief greifende Umbau der Energieversorgung nicht ausreichend auf die Beteiligung von Kommunen, B\u00fcrgern und Unternehmen vor Ort setzt. \u201eDie von der Bundesregierung anvisierten energiewirtschaftlichen Ziele Versorgungssicherheit, Wirtschaftlichkeit und Umweltvertr\u00e4glichkeit sollten deshalb um das Ziel der Dezentralit\u00e4t erneuerbarer Energien erweitert werden\u201c, sagt der Vorstandsvorsitzende des DGRV Dr. Eckhard Ott.<br \/>\nweiterlesen auf <a href=\"http:\/\/www.dgrv.de\/de\/news\/news-2011.06.06-1.html\" target=\"_blank\">dgrv.de<\/a><\/p><\/blockquote>\n<p>B\u00fcrgerInnen aus der Region haben letztes Jahr mit der <a href=\"http:\/\/www.eghf.de\" target=\"_blank\">EnerGeno Heilbronn-Franken eG<\/a> eine B\u00fcrger-Energie-Genossenschaft gegr\u00fcndet.<\/p>\n","protected":false},"excerpt":{"rendered":"<p>Der Deutsche Genossenschafts- und Raiffeisenverband begr\u00fc\u00dft das heute vom Bundeskabinett verabschiedete Energiekonzept und den eingeschlagenen Weg in das Zeitalter der erneuerbaren Energien. Der Spitzenverband der Genossenschaften warnt aber davor, dass der tief greifende Umbau der Energieversorgung nicht ausreichend auf die Beteiligung von Kommunen, B\u00fcrgern und Unternehmen vor Ort setzt. \u201eDie von der Bundesregierung anvisierten energiewirtschaftlichen [&hellip;]<\/p>\n","protected":false},"author":2,"featured_media":0,"comment_status":"open","ping_status":"open","sticky":false,"template":"","format":"standard","meta":[],"categories":[9,5],"tags":[],"_links":{"self":[{"href":"http:\/\/energiewendeheilbronn.de\/blog\/wp-json\/wp\/v2\/posts\/267"}],"collection":[{"href":"http:\/\/energiewendeheilbronn.de\/blog\/wp-json\/wp\/v2\/posts"}],"about":[{"href":"http:\/\/energiewendeheilbronn.de\/blog\/wp-json\/wp\/v2\/types\/post"}],"author":[{"embeddable":true,"href":"http:\/\/energiewendeheilbronn.de\/blog\/wp-json\/wp\/v2\/users\/2"}],"replies":[{"embeddable":true,"href":"http:\/\/energiewendeheilbronn.de\/blog\/wp-json\/wp\/v2\/comments?post=267"}],"version-history":[{"count":1,"href":"http:\/\/energiewendeheilbronn.de\/blog\/wp-json\/wp\/v2\/posts\/267\/revisions"}],"predecessor-version":[{"id":268,"href":"http:\/\/energiewendeheilbronn.de\/blog\/wp-json\/wp\/v2\/posts\/267\/revisions\/268"}],"wp:attachment":[{"href":"http:\/\/energiewendeheilbronn.de\/blog\/wp-json\/wp\/v2\/media?parent=267"}],"wp:term":[{"taxonomy":"category","embeddable":true,"href":"http:\/\/energiewendeheilbronn.de\/blog\/wp-json\/wp\/v2\/categories?post=267"},{"taxonomy":"post_tag","embeddable":true,"href":"http:\/\/energiewendeheilbronn.de\/blog\/wp-json\/wp\/v2\/tags?post=267"}],"curies":[{"name":"wp","href":"https:\/\/api.w.org\/{rel}","templated":true}]}}