{"id":310,"date":"2011-06-17T00:54:24","date_gmt":"2011-06-16T22:54:24","guid":{"rendered":"http:\/\/www.energiewendeheilbronn.de\/blog\/?p=310"},"modified":"2011-06-17T01:00:47","modified_gmt":"2011-06-16T23:00:47","slug":"anti-atom-demo-auf-japanisch","status":"publish","type":"post","link":"http:\/\/energiewendeheilbronn.de\/blog\/2011\/06\/17\/anti-atom-demo-auf-japanisch\/","title":{"rendered":"Anti-Atom-Demo auf Japanisch"},"content":{"rendered":"<p>Von den Japanern k\u00f6nnen wir uns f\u00fcr unsere n\u00e4chste Anti-Atom-Demo vielleicht auch noch das ein oder andere abgucken.<\/p>\n<p>3 Monate nach Fukushima sind in Japan erneut zentausende Menschen in mehreren St\u00e4dten auf die Stra\u00dfe gegangen. In diesem Video bekommt man einen Eindruck davon (englische Untertitel):<\/p>\n<p>http:\/\/www.youtube.com\/watch?v=nDwl_Nla4Kk&#038;feature=player_embedded#at=200<\/p>\n<p><a href=\"http:\/\/www.ausgestrahlt.de\/meldungen\/logbuch.html#c8240\" target=\"_blank\">Video im .ausgestrahlt-Logbuch entdeckt<\/a><\/p>\n<p>Wir wollen in Heilbronn am 11.07. , also 4 Monate nach Fukushima, eine Mahnwache organisieren &#8211; Details folgen.<\/p>\n","protected":false},"excerpt":{"rendered":"<p>Von den Japanern k\u00f6nnen wir uns f\u00fcr unsere n\u00e4chste Anti-Atom-Demo vielleicht auch noch das ein oder andere abgucken. 3 Monate nach Fukushima sind in Japan erneut zentausende Menschen in mehreren St\u00e4dten auf die Stra\u00dfe gegangen. In diesem Video bekommt man einen Eindruck davon (englische Untertitel): http:\/\/www.youtube.com\/watch?v=nDwl_Nla4Kk&#038;feature=player_embedded#at=200 Video im .ausgestrahlt-Logbuch entdeckt Wir wollen in Heilbronn am [&hellip;]<\/p>\n","protected":false},"author":2,"featured_media":0,"comment_status":"open","ping_status":"open","sticky":false,"template":"","format":"standard","meta":[],"categories":[3],"tags":[],"_links":{"self":[{"href":"http:\/\/energiewendeheilbronn.de\/blog\/wp-json\/wp\/v2\/posts\/310"}],"collection":[{"href":"http:\/\/energiewendeheilbronn.de\/blog\/wp-json\/wp\/v2\/posts"}],"about":[{"href":"http:\/\/energiewendeheilbronn.de\/blog\/wp-json\/wp\/v2\/types\/post"}],"author":[{"embeddable":true,"href":"http:\/\/energiewendeheilbronn.de\/blog\/wp-json\/wp\/v2\/users\/2"}],"replies":[{"embeddable":true,"href":"http:\/\/energiewendeheilbronn.de\/blog\/wp-json\/wp\/v2\/comments?post=310"}],"version-history":[{"count":7,"href":"http:\/\/energiewendeheilbronn.de\/blog\/wp-json\/wp\/v2\/posts\/310\/revisions"}],"predecessor-version":[{"id":317,"href":"http:\/\/energiewendeheilbronn.de\/blog\/wp-json\/wp\/v2\/posts\/310\/revisions\/317"}],"wp:attachment":[{"href":"http:\/\/energiewendeheilbronn.de\/blog\/wp-json\/wp\/v2\/media?parent=310"}],"wp:term":[{"taxonomy":"category","embeddable":true,"href":"http:\/\/energiewendeheilbronn.de\/blog\/wp-json\/wp\/v2\/categories?post=310"},{"taxonomy":"post_tag","embeddable":true,"href":"http:\/\/energiewendeheilbronn.de\/blog\/wp-json\/wp\/v2\/tags?post=310"}],"curies":[{"name":"wp","href":"https:\/\/api.w.org\/{rel}","templated":true}]}}