{"id":450,"date":"2011-08-15T14:40:42","date_gmt":"2011-08-15T12:40:42","guid":{"rendered":"http:\/\/www.energiewendeheilbronn.de\/blog\/?p=450"},"modified":"2011-08-15T14:44:35","modified_gmt":"2011-08-15T12:44:35","slug":"stimmen-aus-fukushima","status":"publish","type":"post","link":"http:\/\/energiewendeheilbronn.de\/blog\/2011\/08\/15\/stimmen-aus-fukushima\/","title":{"rendered":"Stimmen aus Fukushima"},"content":{"rendered":"<p>Auf der European Network Academy for Social Movements (ENA) von Attac am 11.08.2011 in Freiburg erz\u00e4hlte ein Bewohner aus Fukushima, Herr Seiichi Nakate:<\/p>\n<blockquote><p>Der Feind ist nicht die Strahlung, sondern die M\u00e4chte der systematischen Desinformation!<\/p>\n<p>Unmittelbar nach der Katastrophe von Fukushima gab es tagelang keine Informationen, danach nur vereinzelt und nicht nachvollziehbar, widerspr\u00fcchlich, z. B. sagte ein Minister 100 millisievert seinen nicht gesundheitssch\u00e4dlich, ein anderer Beh\u00f6rdenvertreter sagte 20 millisievert seien noch o.K.<\/p>\n<p>Am 14.03. wurden in 80 Km Entfernung vom havarierten AKW und dann am 30.04. in 120 Km von Ungl\u00fccksort stark erh\u00f6hte Werte gemessen.\u00a0 Inzwischen ist das Gebiet bis zu 300 Km von Fukushima radioaktiv verseucht.<\/p>\n<p>Am 31.03. wurde ihnen mitgeteilt, dass au\u00dferhalb eines Radius von 20 Km die Schulen wieder ge\u00f6ffnet werden.<\/p>\n<p>Inzwischen stand den Bewohnern ein Geigerz\u00e4hler zur Verf\u00fcgung und in einer Schule wurden 108,8 millisievert gemessen. Sie informierten die Beh\u00f6rden aber es passierte nichts. Erst nachdem ca. 50 Personen, dabei einige Abgeordnete sich an die Regierung wandten wurden am 07.04. von der Pr\u00e4fektur weitr\u00e4umig die Schulen untersucht. Dabei stellte sich heraus, dass 76 % der Schulen so hoch verstrahlt waren, dass ein AKW-Mitarbeiter dort nur noch mit Strahlenschutzanzug h\u00e4tte arbeiten d\u00fcrfen. Es war ein Gebiet mit 1,5 Millionen Menschen, davon 300.000 Kinder betroffen.<!--more--><\/p>\n<p>Am 19.04. sagte der Minister, dass unter 20 millisievert keine Evakuierung erfolge.<\/p>\n<p>Am 01.05. trafen sich 150 Bewohner von Fukushima und gr\u00fcndeten das \u201eNetzwerk zum Schutz der Kinder vor radioaktiver Strahlung\u201c. Die Hauptaufgabe bestand in telefonischer Informationsverbreitung der Strahlenbelastung, ein Web-Blog wurde eingerichtet.<\/p>\n<p>Am 01.06. wurde von der japanischen Regierung das erste mal eine freiwillige Evakuierung von 50.000 Menschen erwogen und weitere 80.000 die nur w\u00e4hrend der Sommerferien das Gebiet verlassen sollen.<\/p>\n<p>Zusammenfassend l\u00e4sst sich sagen, dass die \u00dcberlebenden in Fukushima und der weiteren Umgebung keine wirkliche Unterst\u00fctzung bei der Bew\u00e4ltigung der Probleme mit der nuklearen Belastung erhalten haben. Ganz im Gegenteil, durch Ignoranz und offensichtlich gezielter Desinformation und Verharmlosung der Gefahren von radioaktiver Belastung wurden ihnen Steine in den Weg gelegt und ihre Gesundheit und die ihrer Kinder in Gefahr gebracht. Von Regierung, Parteien und TEPCO erfolgte keine Hilfe. Nur durch ihre eigene Vernetzungsinitiative und Herstellung von \u00d6ffentlichkeit konnten sie erste, zaghafte Unterst\u00fctzung erwirken.<\/p>\n<p>Im September ist Reisernte. Da rechnen sie auch mit einer radioaktiven Belastung. Zur Belastung der Meeresfische haben sie keine Information.<\/p>\n<p>Ein andere Japaner, Herr Sho Kasuga vom CDSCD (Center fort he Study of Communication-Design) der Uni Osaka (<a href=\"http:\/\/www.cscd.osaka-u.ac.jp\" target=\"_blank\">www.cscd.osaka-u.ac.jp<\/a>, <a href=\"http:\/\/skasuga.talktank.net\" target=\"_blank\">http:\/\/skasuga.talktank.net<\/a>) zeigte die starken Verfilzungen von Politik und Atomwirtschaft auf. Er sprach von erheblicher beruflicher Benachteiligung von Atomkraftgegnern, von Finanziellen Zuwendungen an die Medien durch die Atomwirtschaft und von Medienkampagnen der Regierung zur Verharmlosung der nuklearen Gefahren z. B. durch einen Zeichentrickfilm in dem ein kleiner Junge namens Pluto die Unsch\u00e4dlichkeit von Plutonium darstellt. <a href=\"http:\/\/asienspiegel.ch\/2011\/03\/der-susse-plutonium-junge\/\" target=\"_blank\">http:\/\/asienspiegel.ch\/2011\/03\/der-susse-plutonium-junge\/<\/a><br \/>\nSolche Filme zeigt die Regierung inzwischen nicht mehr.<\/p>\n<p>Es g\u00e4be aber auch eine Seite der Anti-Atomkraft-Bewegung Japans: CNIC citizens nuclear info Center (<a href=\"http:\/\/cnic.jp\/english\/newsletter\/index.html\" target=\"_blank\">http:\/\/cnic.jp\/english\/newsletter\/index.html<\/a>).\u00a0 In der Bev\u00f6lkerung Japans w\u00e4chst die Ablehnung der Atomkraft und das sei eine Chance f\u00fcr soziale Bewegungen. Die Regierung ist \u00fcber die Atomkraft zerstritten. Japans Problem ist, dass viele AKW\u00b4s schon sehr alt sind, wie das in Fukushima. Es wurde auch erw\u00e4hnt, dass in einem Schnellen Br\u00fcter (AKW Monju)\u00a0 waffenf\u00e4higes Plutonium hergestellt werden kann.<\/p>\n<p>Es lag eine Unterschriftenaktion aus mit dem Aufruf zur Energiewende, siehe Anhang. Es w\u00e4re gut, wenn wir uns mit den Mitstreitern in Japan solidarisch zeigen und einige Unterschriftenlisten sammeln. Scannt bitte die vollen Unterschriftenlisten ein und schickt sie mir. Ich schicke sie dann mit einer kleinen PM geb\u00fcndelt weiter.<\/p>\n<p>Franz Botens<\/p>\n<p><a rel=\"attachment wp-att-453\" href=\"http:\/\/www.energiewendeheilbronn.de\/blog\/2011\/08\/15\/stimmen-aus-fukushima\/japan-petition0001\/\"><img loading=\"lazy\" class=\"alignnone size-medium wp-image-453\" title=\"Japan Petition - 1\" src=\"\/blog\/wp-content\/uploads\/2011\/08\/Japan-petition0001-250x406.jpg\" alt=\"\" width=\"194\" height=\"316\" srcset=\"http:\/\/energiewendeheilbronn.de\/blog\/wp-content\/uploads\/2011\/08\/Japan-petition0001-250x406.jpg 250w, http:\/\/energiewendeheilbronn.de\/blog\/wp-content\/uploads\/2011\/08\/Japan-petition0001-150x244.jpg 150w, http:\/\/energiewendeheilbronn.de\/blog\/wp-content\/uploads\/2011\/08\/Japan-petition0001-629x1024.jpg 629w, http:\/\/energiewendeheilbronn.de\/blog\/wp-content\/uploads\/2011\/08\/Japan-petition0001.jpg 668w\" sizes=\"(max-width: 194px) 100vw, 194px\" \/><\/a> <a rel=\"attachment wp-att-454\" href=\"http:\/\/www.energiewendeheilbronn.de\/blog\/2011\/08\/15\/stimmen-aus-fukushima\/japan-petition0002\/\"><img loading=\"lazy\" class=\"alignnone size-medium wp-image-454\" title=\"Japan Petition - 2\" src=\"\/blog\/wp-content\/uploads\/2011\/08\/Japan-petition0002-250x320.jpg\" alt=\"\" width=\"250\" height=\"320\" srcset=\"http:\/\/energiewendeheilbronn.de\/blog\/wp-content\/uploads\/2011\/08\/Japan-petition0002-250x320.jpg 250w, http:\/\/energiewendeheilbronn.de\/blog\/wp-content\/uploads\/2011\/08\/Japan-petition0002-150x192.jpg 150w, http:\/\/energiewendeheilbronn.de\/blog\/wp-content\/uploads\/2011\/08\/Japan-petition0002-670x858.jpg 670w, http:\/\/energiewendeheilbronn.de\/blog\/wp-content\/uploads\/2011\/08\/Japan-petition0002.jpg 727w\" sizes=\"(max-width: 250px) 100vw, 250px\" \/><\/a><\/p><\/blockquote>\n","protected":false},"excerpt":{"rendered":"<p>Auf der European Network Academy for Social Movements (ENA) von Attac am 11.08.2011 in Freiburg erz\u00e4hlte ein Bewohner aus Fukushima, Herr Seiichi Nakate: Der Feind ist nicht die Strahlung, sondern die M\u00e4chte der systematischen Desinformation! Unmittelbar nach der Katastrophe von Fukushima gab es tagelang keine Informationen, danach nur vereinzelt und nicht nachvollziehbar, widerspr\u00fcchlich, z. B. [&hellip;]<\/p>\n","protected":false},"author":2,"featured_media":0,"comment_status":"open","ping_status":"open","sticky":false,"template":"","format":"standard","meta":[],"categories":[16],"tags":[],"_links":{"self":[{"href":"http:\/\/energiewendeheilbronn.de\/blog\/wp-json\/wp\/v2\/posts\/450"}],"collection":[{"href":"http:\/\/energiewendeheilbronn.de\/blog\/wp-json\/wp\/v2\/posts"}],"about":[{"href":"http:\/\/energiewendeheilbronn.de\/blog\/wp-json\/wp\/v2\/types\/post"}],"author":[{"embeddable":true,"href":"http:\/\/energiewendeheilbronn.de\/blog\/wp-json\/wp\/v2\/users\/2"}],"replies":[{"embeddable":true,"href":"http:\/\/energiewendeheilbronn.de\/blog\/wp-json\/wp\/v2\/comments?post=450"}],"version-history":[{"count":4,"href":"http:\/\/energiewendeheilbronn.de\/blog\/wp-json\/wp\/v2\/posts\/450\/revisions"}],"predecessor-version":[{"id":452,"href":"http:\/\/energiewendeheilbronn.de\/blog\/wp-json\/wp\/v2\/posts\/450\/revisions\/452"}],"wp:attachment":[{"href":"http:\/\/energiewendeheilbronn.de\/blog\/wp-json\/wp\/v2\/media?parent=450"}],"wp:term":[{"taxonomy":"category","embeddable":true,"href":"http:\/\/energiewendeheilbronn.de\/blog\/wp-json\/wp\/v2\/categories?post=450"},{"taxonomy":"post_tag","embeddable":true,"href":"http:\/\/energiewendeheilbronn.de\/blog\/wp-json\/wp\/v2\/tags?post=450"}],"curies":[{"name":"wp","href":"https:\/\/api.w.org\/{rel}","templated":true}]}}