{"id":569,"date":"2011-09-20T17:02:13","date_gmt":"2011-09-20T15:02:13","guid":{"rendered":"http:\/\/www.energiewendeheilbronn.de\/blog\/?p=569"},"modified":"2011-09-20T17:02:13","modified_gmt":"2011-09-20T15:02:13","slug":"fessenheim-enbw-e-on-edf-stromwaschmaschine","status":"publish","type":"post","link":"http:\/\/energiewendeheilbronn.de\/blog\/2011\/09\/20\/fessenheim-enbw-e-on-edf-stromwaschmaschine\/","title":{"rendered":"Fessenheim &#8211; EnBW-E.ON-EDF Stromwaschmaschine"},"content":{"rendered":"<p>Gestern haben im Rahmen weltweiter Aktionstage in Tokio 60.000 Menschen gegen Atomkraft demonstriert &#8211; die bislang gr\u00f6\u00dfte Anti-Atom-Demo in Japan! Auch in Fessenheim direkt an der Deutsch-Franz\u00f6sischen Grenze nahe Freiburg fand am Wochenende eine <a href=\"http:\/\/www.energiewendeheilbronn.de\/phpwcms\/index.php?aid=736\">Demo<\/a> statt.<\/p>\n<p>Hier ein Ausschnitt einer Rede von Claude Ledergerber (CSFR, TRAS) Axel Mayer (BUND-Gesch\u00e4ftsf\u00fchrer) \u00fcber die EnBW-E.ON-EDF Stromwaschmaschine:<\/p>\n<p><a href=\"http:\/\/vorort.bund.net\/suedlicher-oberrhein\/fessenheim-rede-18-9-2011.html\" target=\"_blank\"><em>Von regionalen und globalen Demonstrationen und einer EnBW-E.ON-EDF Stromwaschmaschine<\/em><\/a><\/p>\n<blockquote><p>Von einer 60 j\u00e4hrigen Betriebszeit f\u00fcr Fessenheim spricht der Chef des AKW Fessenheim<br \/>\nEine solche Aussage ist ein Verbrechen an der Gegenwart und ein Verbrechen an der Zukunft<\/p>\n<p>60 Jahre Fessenheim:<br \/>\nDas w\u00e4ren 60 Jahre Risiko<br \/>\nDas w\u00e4ren 60 Jahre satte Gewinne f\u00fcr die EDF<br \/>\n60 Jahre Laufzeit: Das ist ist die global entfesselte Habgier<\/p>\n<p>Das w\u00e4ren aber auch 60 Jahre satte Gewinne f\u00fcr die deutsche EnBW<br \/>\nEs stimmt: Die deutsche EnBW bezieht keinen Strom aus Fessenheim<br \/>\nund das klingt doch erst mal gut<br \/>\n<strong>Es ist komplizierter:<\/strong><!--more--><br \/>\nDer Vorg\u00e4nger der EnBW, das Badenwerk war mit 17,5% am Bau von Fessenheim beteiligt<br \/>\nDer Vorg\u00e4nger der EnBW bezog immer 17,5% des Gefahrstroms<br \/>\nDie ENBW wei\u00df: Fessenheimer Gefahrstrom hat ein schlechtes Image<br \/>\nDie Werbestrategen der EnBW hatten eine gute Idee<br \/>\nDie Idee hei\u00dft \u201eStromw\u00e4sche\u201c<br \/>\nDer Fessenheim EnBW-Strom geht jetzt an E.ON<br \/>\nDer Fessenheim-E.ON Profit geht an unsere EnBW<br \/>\nDas ist eine propagandistisch gut gemachte Stromw\u00e4sche<br \/>\nDer Atomdealer gibt den Stoff an einen anderen Dealer weiter und bekommt einen Teil des Gewinns&#8230;<br \/>\nAn den aktuellen Bauarbeiten f\u00fcr die Gefahrzeitverl\u00e4ngerung ist die ENBW aber direkt mit 17.5% der Kosten beteiligt<br \/>\nOb das die EnBW Kunden wissen?<br \/>\nHier ist GR\u00dcN-Rot gefordert:<br \/>\n17,5% ENBW Investitionen in die Laufzeitverl\u00e4ngerung von Fessenheim sind ein nicht hinnehmbarer Skandal<br \/>\nDie neue Landesregierung mu\u00df endlich daf\u00fcr sorgen, dass sich der deutsche Atomkonzern von dieser gef\u00e4hrlichen Beteiligung l\u00f6st.&#8220;<\/p>\n<p>In Fessenheim steht der Herbst der Entscheidung an<br \/>\nTrinational m\u00fcssen wir den Druck verst\u00e4rken<br \/>\nWir werden feiern oder demonstrieren<br \/>\nDoch demonstrieren alleine reicht nicht<\/p>\n<p><a href=\"http:\/\/vorort.bund.net\/suedlicher-oberrhein\/fessenheim-rede-18-9-2011.html\" target=\"_blank\">Komplette Rede lesen<\/a><\/p><\/blockquote>\n","protected":false},"excerpt":{"rendered":"<p>Gestern haben im Rahmen weltweiter Aktionstage in Tokio 60.000 Menschen gegen Atomkraft demonstriert &#8211; die bislang gr\u00f6\u00dfte Anti-Atom-Demo in Japan! Auch in Fessenheim direkt an der Deutsch-Franz\u00f6sischen Grenze nahe Freiburg fand am Wochenende eine Demo statt. Hier ein Ausschnitt einer Rede von Claude Ledergerber (CSFR, TRAS) Axel Mayer (BUND-Gesch\u00e4ftsf\u00fchrer) \u00fcber die EnBW-E.ON-EDF Stromwaschmaschine: Von regionalen [&hellip;]<\/p>\n","protected":false},"author":2,"featured_media":0,"comment_status":"open","ping_status":"open","sticky":false,"template":"","format":"standard","meta":[],"categories":[3,16],"tags":[],"_links":{"self":[{"href":"http:\/\/energiewendeheilbronn.de\/blog\/wp-json\/wp\/v2\/posts\/569"}],"collection":[{"href":"http:\/\/energiewendeheilbronn.de\/blog\/wp-json\/wp\/v2\/posts"}],"about":[{"href":"http:\/\/energiewendeheilbronn.de\/blog\/wp-json\/wp\/v2\/types\/post"}],"author":[{"embeddable":true,"href":"http:\/\/energiewendeheilbronn.de\/blog\/wp-json\/wp\/v2\/users\/2"}],"replies":[{"embeddable":true,"href":"http:\/\/energiewendeheilbronn.de\/blog\/wp-json\/wp\/v2\/comments?post=569"}],"version-history":[{"count":2,"href":"http:\/\/energiewendeheilbronn.de\/blog\/wp-json\/wp\/v2\/posts\/569\/revisions"}],"predecessor-version":[{"id":571,"href":"http:\/\/energiewendeheilbronn.de\/blog\/wp-json\/wp\/v2\/posts\/569\/revisions\/571"}],"wp:attachment":[{"href":"http:\/\/energiewendeheilbronn.de\/blog\/wp-json\/wp\/v2\/media?parent=569"}],"wp:term":[{"taxonomy":"category","embeddable":true,"href":"http:\/\/energiewendeheilbronn.de\/blog\/wp-json\/wp\/v2\/categories?post=569"},{"taxonomy":"post_tag","embeddable":true,"href":"http:\/\/energiewendeheilbronn.de\/blog\/wp-json\/wp\/v2\/tags?post=569"}],"curies":[{"name":"wp","href":"https:\/\/api.w.org\/{rel}","templated":true}]}}