{"id":633,"date":"2011-11-13T13:13:17","date_gmt":"2011-11-13T12:13:17","guid":{"rendered":"http:\/\/www.energiewendeheilbronn.de\/blog\/?p=633"},"modified":"2011-11-13T13:26:35","modified_gmt":"2011-11-13T12:26:35","slug":"atomkraftgegner-veroffentlichen-geheimen-castor-fahrplan","status":"publish","type":"post","link":"http:\/\/energiewendeheilbronn.de\/blog\/2011\/11\/13\/atomkraftgegner-veroffentlichen-geheimen-castor-fahrplan\/","title":{"rendered":"Atomkraftgegner ver\u00f6ffentlichen geheimen Castor-Fahrplan"},"content":{"rendered":"<p>Pressemitteilung von .ausgestrahlt:<\/p>\n<blockquote><p>Start des Zuges am 24.11. in Frankreich \u2013 drei m\u00f6gliche Grenzbahnh\u00f6fe \u2013 Ankunft in Dannenberg am 27.11., in Gorleben am 28.11. \u2013 flexibles Blockadekonzept im S\u00fcden<\/p>\n<p>Der geheime Fahrplan und die Streckenf\u00fchrung des in knapp zwei Wochen geplanten Castor-Transports nach Gorleben stehen zumindest f\u00fcr die Teilstrecke in Frankreich fest. Nach Informationen des franz\u00f6sischen \u201eNetzwerks Atomausstieg\u201c (R\u00e9seau Sortir du Nucl\u00e9aire) werden die elf Castor-Beh\u00e4lter zwischen dem 19. und 23. November mit Schwerlasttransportern von der Plutoniumfabrik La Hague zum Verladebahnhof Valognes gebracht. Der Zug Richtung Deutschland startet von Valognes am Donnerstag, den 24. November um 14.20 Uhr.<\/p>\n<p>F\u00fcr den Grenz\u00fcbertritt nach Deutschland sind drei verschiedene Optionen vorgesehen. Hier wird je nach Protestgeschehen erst kurzfristig entschieden, welchen Weg der Zug nehmen wird:<br \/>\nDer Grenz\u00fcbergang Forbach\/Saarbr\u00fccken (Saarland) w\u00fcrde am Freitag, den 25. November um 10.03 Uhr oder 10.43 Uhr erreicht,<br \/>\nder Grenz\u00fcbergang Stra\u00dfburg\/Kehl (Baden-W\u00fcrttemberg) um 12.32 Uhr und<br \/>\nder Grenz\u00fcbergang Lauterbourg\/W\u00f6rth (Rheinland-Pfalz) um 13.07 Uhr.<\/p>\n<p>Die Ankunft des Zuges am Verladebahnhof im wendl\u00e4ndischen Dannenberg ist nach Aussagen der nieders\u00e4chsischen Polizei f\u00fcr Sonntag, den 27. November geplant, der Stra\u00dfentransport von Dannenberg nach Gorleben am Montag, den 28. November.<\/p>\n<p>Jochen Stay, Sprecher der Anti-Atom-Organisation .ausgestrahlt: \u201eGestern noch war von einem Neustart in der Endlager-Suche die Rede. Und heute wird der n\u00e4chste Castor-Transport nach Gorleben vorbereitet. Jeder zus\u00e4tzliche Atomm\u00fcll-Beh\u00e4lter, der in Gorleben eingelagert wird, schafft Tatsachen und erh\u00f6ht die Wahrscheinlichkeit, dass am Ende alles an Gorleben kleben bleibt. Das war es dann mit der wei\u00dfen Landkarte. Der Glaubw\u00fcrdigkeit des Bundesumweltministers ist dieser Transport jedenfalls nicht dienlich.\u201c<\/p>\n<p>Zu den zus\u00e4tzlichen geplanten Ausweichstrecken erkl\u00e4rt Stay: \u201eDie gro\u00dfe Blockadekation an der Grenze bei Lauterbourg\/W\u00f6rth vor einem Jahr hat wohl gro\u00dfen Eindruck hinterlassen. Nun versuchen die Verantwortlichen flexibel zu reagieren. Aber auch die Aktivistinnen und Aktivisten der sogenannten \u201aS\u00fcdblockade\u2018 setzen in diesem Jahr auf ein flexibles Konzept und wollen an allen m\u00f6glichen Grenz\u00fcberg\u00e4ngen pr\u00e4sent sein.\u201c<\/p>\n<p>Details zum Streckenverlauf in Frankreich und dem genauen Fahrplan:<br \/>\n<a href=\"http:\/\/groupes.sortirdunucleaire.org\/IMG\/pdf\/Fiche_horaire_La_Hague_Gorleben_-_avec_Option.pdf\" target=\"_blank\">http:\/\/groupes.sortirdunucleaire.org\/IMG\/pdf\/Fiche_horaire_La_Hague_Gorleben_-_avec_Option.pdf<\/a><\/p>\n<p>Informationen zur S\u00fcdblockade:<br \/>\n<a href=\"http:\/\/www.castor-suedblockade.de\" target=\"_blank\">http:\/\/www.castor-suedblockade.de<\/a><\/p><\/blockquote>\n<p><a href=\"http:\/\/www.energiewendeheilbronn.de\/phpwcms\/index.php?castor-suedblockade\">Mitffahrgelegenheiten von Heilbronn nach Berg &#8211; oder dann weiter dahin wo der Castor ist<\/a><\/p>\n","protected":false},"excerpt":{"rendered":"<p>Pressemitteilung von .ausgestrahlt: Start des Zuges am 24.11. in Frankreich \u2013 drei m\u00f6gliche Grenzbahnh\u00f6fe \u2013 Ankunft in Dannenberg am 27.11., in Gorleben am 28.11. \u2013 flexibles Blockadekonzept im S\u00fcden Der geheime Fahrplan und die Streckenf\u00fchrung des in knapp zwei Wochen geplanten Castor-Transports nach Gorleben stehen zumindest f\u00fcr die Teilstrecke in Frankreich fest. Nach Informationen des [&hellip;]<\/p>\n","protected":false},"author":2,"featured_media":0,"comment_status":"open","ping_status":"open","sticky":false,"template":"","format":"standard","meta":[],"categories":[3,20],"tags":[],"_links":{"self":[{"href":"http:\/\/energiewendeheilbronn.de\/blog\/wp-json\/wp\/v2\/posts\/633"}],"collection":[{"href":"http:\/\/energiewendeheilbronn.de\/blog\/wp-json\/wp\/v2\/posts"}],"about":[{"href":"http:\/\/energiewendeheilbronn.de\/blog\/wp-json\/wp\/v2\/types\/post"}],"author":[{"embeddable":true,"href":"http:\/\/energiewendeheilbronn.de\/blog\/wp-json\/wp\/v2\/users\/2"}],"replies":[{"embeddable":true,"href":"http:\/\/energiewendeheilbronn.de\/blog\/wp-json\/wp\/v2\/comments?post=633"}],"version-history":[{"count":3,"href":"http:\/\/energiewendeheilbronn.de\/blog\/wp-json\/wp\/v2\/posts\/633\/revisions"}],"predecessor-version":[{"id":635,"href":"http:\/\/energiewendeheilbronn.de\/blog\/wp-json\/wp\/v2\/posts\/633\/revisions\/635"}],"wp:attachment":[{"href":"http:\/\/energiewendeheilbronn.de\/blog\/wp-json\/wp\/v2\/media?parent=633"}],"wp:term":[{"taxonomy":"category","embeddable":true,"href":"http:\/\/energiewendeheilbronn.de\/blog\/wp-json\/wp\/v2\/categories?post=633"},{"taxonomy":"post_tag","embeddable":true,"href":"http:\/\/energiewendeheilbronn.de\/blog\/wp-json\/wp\/v2\/tags?post=633"}],"curies":[{"name":"wp","href":"https:\/\/api.w.org\/{rel}","templated":true}]}}