{"id":978,"date":"2012-04-10T11:43:22","date_gmt":"2012-04-10T09:43:22","guid":{"rendered":"http:\/\/www.energiewendeheilbronn.de\/blog\/?p=978"},"modified":"2012-04-10T11:43:38","modified_gmt":"2012-04-10T09:43:38","slug":"atomkraft-indische-proteste-deutsche-exportforderung","status":"publish","type":"post","link":"http:\/\/energiewendeheilbronn.de\/blog\/2012\/04\/10\/atomkraft-indische-proteste-deutsche-exportforderung\/","title":{"rendered":"Indische Proteste, deutsche Exportf\u00f6rderung"},"content":{"rendered":"<p>Telepolis ver\u00f6ffentlichte einen ausf\u00fchrlichen Artikel \u00fcber die Proteste in Indien und deutsche Exportb\u00fcrgschaften:<\/p>\n<blockquote><p>Trotz des beschlossenen Atomausstiegs f\u00f6rdert die deutsche Regierung den Export von Nukleartechnik in alle Welt: ins europ\u00e4ische Ausland, nach Brasilien und auch nach Indien, wo sich heftiger Widerstand gegen den Bau von Kernkraftwerken regt<\/p>\n<p>&#8222;Das Vorgehen der Polizei erinnerte mich an einen B\u00fcrgerkrieg!&#8220; Das sagt die indische Anti-AKW-Aktivistin Malathi Maithri \u00fcber die staatliche Reaktion auf die Proteste am 22. M\u00e4rz gegen ein neues Atomkraftwerk.<\/p>\n<p><a href=\"http:\/\/www.heise.de\/tp\/artikel\/36\/36689\/1.html\" target=\"_blank\">weiterlesen auf heise.de\/tp<\/a><\/p><\/blockquote>\n","protected":false},"excerpt":{"rendered":"<p>Telepolis ver\u00f6ffentlichte einen ausf\u00fchrlichen Artikel \u00fcber die Proteste in Indien und deutsche Exportb\u00fcrgschaften: Trotz des beschlossenen Atomausstiegs f\u00f6rdert die deutsche Regierung den Export von Nukleartechnik in alle Welt: ins europ\u00e4ische Ausland, nach Brasilien und auch nach Indien, wo sich heftiger Widerstand gegen den Bau von Kernkraftwerken regt &#8222;Das Vorgehen der Polizei erinnerte mich an einen [&hellip;]<\/p>\n","protected":false},"author":2,"featured_media":0,"comment_status":"open","ping_status":"open","sticky":false,"template":"","format":"standard","meta":[],"categories":[3,7,13],"tags":[],"_links":{"self":[{"href":"http:\/\/energiewendeheilbronn.de\/blog\/wp-json\/wp\/v2\/posts\/978"}],"collection":[{"href":"http:\/\/energiewendeheilbronn.de\/blog\/wp-json\/wp\/v2\/posts"}],"about":[{"href":"http:\/\/energiewendeheilbronn.de\/blog\/wp-json\/wp\/v2\/types\/post"}],"author":[{"embeddable":true,"href":"http:\/\/energiewendeheilbronn.de\/blog\/wp-json\/wp\/v2\/users\/2"}],"replies":[{"embeddable":true,"href":"http:\/\/energiewendeheilbronn.de\/blog\/wp-json\/wp\/v2\/comments?post=978"}],"version-history":[{"count":3,"href":"http:\/\/energiewendeheilbronn.de\/blog\/wp-json\/wp\/v2\/posts\/978\/revisions"}],"predecessor-version":[{"id":981,"href":"http:\/\/energiewendeheilbronn.de\/blog\/wp-json\/wp\/v2\/posts\/978\/revisions\/981"}],"wp:attachment":[{"href":"http:\/\/energiewendeheilbronn.de\/blog\/wp-json\/wp\/v2\/media?parent=978"}],"wp:term":[{"taxonomy":"category","embeddable":true,"href":"http:\/\/energiewendeheilbronn.de\/blog\/wp-json\/wp\/v2\/categories?post=978"},{"taxonomy":"post_tag","embeddable":true,"href":"http:\/\/energiewendeheilbronn.de\/blog\/wp-json\/wp\/v2\/tags?post=978"}],"curies":[{"name":"wp","href":"https:\/\/api.w.org\/{rel}","templated":true}]}}